{"id":8221,"date":"2010-09-30T07:24:00","date_gmt":"2010-09-30T05:24:00","guid":{"rendered":""},"modified":"2024-11-12T14:53:51","modified_gmt":"2024-11-12T13:53:51","slug":"algunha-reaccion-folga-de-onte-en","status":"publish","type":"post","link":"https:\/\/blogs.amarinha.gal\/ribadeando\/2010\/09\/30\/algunha-reaccion-folga-de-onte-en\/","title":{"rendered":"Algunha reacci\u00f3n \u00e1 folga de onte en Ribadeo"},"content":{"rendered":"<p>Vexo a nota de prensa do concello dicindo que o <a href=\"http:\/\/www.ribadeo.org\/actualidade\/nova.php?id=600&amp;lg=gal\">alcalde descontou o seu soldo, pero foi a traballar onte<\/a>. O mercadonon se celebrou (houbo un posto), pero o comercio abriu con poucas excepci\u00f3ns. Pasou alg\u00fan piquete e, naquel momento, alg\u00fans m\u00e1is cerraron. Parece que non se produxeron incidentes, a\u00ednda que foi un d\u00eda raro para o desenvolvemento no pobo, un m\u00e9rcores con xente (algo menos do normal, pero abonda m\u00e1is que un d\u00eda sen mercado) pero sen mercado, e logo, o pobo vac\u00edo.<br \/>\nPara unha an\u00e1lise xeral no estado, ver <a href=\"http:\/\/im-pulso.blogspot.com\/2010\/09\/29s-la-huelga-acaparo-atenciones-y.html\">Im-pulso<\/a>.<\/p>\n","protected":false},"excerpt":{"rendered":"<p>Vexo a nota de prensa do concello dicindo que o alcalde descontou o seu soldo, pero foi a traballar onte. O mercadonon se celebrou (houbo un posto), pero o comercio abriu con poucas excepci\u00f3ns. Pasou alg\u00fan piquete e, naquel momento, alg\u00fans m\u00e1is cerraron. Parece que non se produxeron incidentes, a\u00ednda que foi un d\u00eda raro [&hellip;]<\/p>\n","protected":false},"author":3,"featured_media":0,"comment_status":"open","ping_status":"closed","sticky":false,"template":"","format":"standard","meta":{"activitypub_content_warning":"","activitypub_content_visibility":"","activitypub_max_image_attachments":3,"activitypub_interaction_policy_quote":"anyone","activitypub_status":"federated","footnotes":""},"categories":[1],"tags":[9],"class_list":["post-8221","post","type-post","status-publish","format-standard","hentry","category-sen-categoria","tag-sociedade"],"_links":{"self":[{"href":"https:\/\/blogs.amarinha.gal\/ribadeando\/wp-json\/wp\/v2\/posts\/8221","targetHints":{"allow":["GET"]}}],"collection":[{"href":"https:\/\/blogs.amarinha.gal\/ribadeando\/wp-json\/wp\/v2\/posts"}],"about":[{"href":"https:\/\/blogs.amarinha.gal\/ribadeando\/wp-json\/wp\/v2\/types\/post"}],"author":[{"embeddable":true,"href":"https:\/\/blogs.amarinha.gal\/ribadeando\/wp-json\/wp\/v2\/users\/3"}],"replies":[{"embeddable":true,"href":"https:\/\/blogs.amarinha.gal\/ribadeando\/wp-json\/wp\/v2\/comments?post=8221"}],"version-history":[{"count":0,"href":"https:\/\/blogs.amarinha.gal\/ribadeando\/wp-json\/wp\/v2\/posts\/8221\/revisions"}],"wp:attachment":[{"href":"https:\/\/blogs.amarinha.gal\/ribadeando\/wp-json\/wp\/v2\/media?parent=8221"}],"wp:term":[{"taxonomy":"category","embeddable":true,"href":"https:\/\/blogs.amarinha.gal\/ribadeando\/wp-json\/wp\/v2\/categories?post=8221"},{"taxonomy":"post_tag","embeddable":true,"href":"https:\/\/blogs.amarinha.gal\/ribadeando\/wp-json\/wp\/v2\/tags?post=8221"}],"curies":[{"name":"wp","href":"https:\/\/api.w.org\/{rel}","templated":true}]}}