{"id":8220,"date":"2010-10-01T07:25:00","date_gmt":"2010-10-01T05:25:00","guid":{"rendered":""},"modified":"2024-11-12T14:53:50","modified_gmt":"2024-11-12T13:53:50","slug":"sobre-mesa-de-asociacions-de-ribadeo","status":"publish","type":"post","link":"https:\/\/blogs.amarinha.gal\/ribadeando\/2010\/10\/01\/sobre-mesa-de-asociacions-de-ribadeo\/","title":{"rendered":"Sobre a Mesa de asociaci\u00f3ns de Ribadeo"},"content":{"rendered":"<p>Hai xa tres semanas que a Mesa de asociaci\u00f3ns de Ribadeo, e dez d\u00edas que foi presentado \u00f3 alcalde un escrito co texto seguinte:<br \/>\n&#8220;&#8230; xa hai dous anos a Mesa de asociaci\u00f3ns fixo chegar \u00f3 sr. alcalde unha proposta de Regulamento de Participaci\u00f3n Veci\u00f1al,<br \/>\nQue non se recibiu contestaci\u00f3n algunha da mesma,<br \/>\nQue a comezos deste ano os participantes da mesa na xuntanza correspondente recibiron unha proposta do concello independente da anterior para a s\u00faa revisi\u00f3n,<br \/>\nQue en xuntanza mantida o venres 10 de setembro, con participaci\u00f3n das AAVV de Vilaosende, Remourelle, Anzas, Vilela, Cedofeita e O Tes\u00f3n, f\u00edxose a revisi\u00f3n pedida,<br \/>\nPolo que<br \/>\nAdx\u00fantase o <a href=\"http:\/\/publicadoenribadeo.wikispaces.com\/Proposta+de+regulamento+org%C3%A1nico+de+participaci%C3%B3n+cidad%C3%A1\">documento revisado<\/a>,<br \/>\nE solic\u00edtase unha xuntanza dos representantes das asociaci\u00f3ns con vde.&#8221;<br \/>\nDez d\u00edas despois, tempo prudencial para que o Concello este\u00f1a enterado, comeza a difusi\u00f3n ampla deste feito. En canto \u00f3 Regulamento enteiro, pronto, en Publicado en Ribadeo.<\/p>\n","protected":false},"excerpt":{"rendered":"<p>Hai xa tres semanas que a Mesa de asociaci\u00f3ns de Ribadeo, e dez d\u00edas que foi presentado \u00f3 alcalde un escrito co texto seguinte: &#8220;&#8230; xa hai dous anos a Mesa de asociaci\u00f3ns fixo chegar \u00f3 sr. alcalde unha proposta de Regulamento de Participaci\u00f3n Veci\u00f1al, Que non se recibiu contestaci\u00f3n algunha da mesma, Que a [&hellip;]<\/p>\n","protected":false},"author":3,"featured_media":0,"comment_status":"open","ping_status":"closed","sticky":false,"template":"","format":"standard","meta":{"activitypub_content_warning":"","activitypub_content_visibility":"","activitypub_max_image_attachments":3,"activitypub_interaction_policy_quote":"anyone","activitypub_status":"federated","footnotes":""},"categories":[1],"tags":[74],"class_list":["post-8220","post","type-post","status-publish","format-standard","hentry","category-sen-categoria","tag-o-teson"],"_links":{"self":[{"href":"https:\/\/blogs.amarinha.gal\/ribadeando\/wp-json\/wp\/v2\/posts\/8220","targetHints":{"allow":["GET"]}}],"collection":[{"href":"https:\/\/blogs.amarinha.gal\/ribadeando\/wp-json\/wp\/v2\/posts"}],"about":[{"href":"https:\/\/blogs.amarinha.gal\/ribadeando\/wp-json\/wp\/v2\/types\/post"}],"author":[{"embeddable":true,"href":"https:\/\/blogs.amarinha.gal\/ribadeando\/wp-json\/wp\/v2\/users\/3"}],"replies":[{"embeddable":true,"href":"https:\/\/blogs.amarinha.gal\/ribadeando\/wp-json\/wp\/v2\/comments?post=8220"}],"version-history":[{"count":0,"href":"https:\/\/blogs.amarinha.gal\/ribadeando\/wp-json\/wp\/v2\/posts\/8220\/revisions"}],"wp:attachment":[{"href":"https:\/\/blogs.amarinha.gal\/ribadeando\/wp-json\/wp\/v2\/media?parent=8220"}],"wp:term":[{"taxonomy":"category","embeddable":true,"href":"https:\/\/blogs.amarinha.gal\/ribadeando\/wp-json\/wp\/v2\/categories?post=8220"},{"taxonomy":"post_tag","embeddable":true,"href":"https:\/\/blogs.amarinha.gal\/ribadeando\/wp-json\/wp\/v2\/tags?post=8220"}],"curies":[{"name":"wp","href":"https:\/\/api.w.org\/{rel}","templated":true}]}}