{"id":8219,"date":"2010-10-03T16:35:00","date_gmt":"2010-10-03T14:35:00","guid":{"rendered":""},"modified":"2024-11-12T14:53:48","modified_gmt":"2024-11-12T13:53:48","slug":"de-incendios-e-incendios","status":"publish","type":"post","link":"https:\/\/blogs.amarinha.gal\/ribadeando\/2010\/10\/03\/de-incendios-e-incendios\/","title":{"rendered":"De incendios e incendios"},"content":{"rendered":"<p>Onte, vento forte, e conato de incendio, un m\u00e1is, a car\u00f3n da estrada da Veiga. A intencionalidade dase por segura. O chegar ata o fondo e buscar culpabilidades, iso xa \u00e9 diferente e ten outra probabilidade.<br \/>\nO caso, o de sempre: mentras que hai xente que tenta solucionar cousas, outra tenta que os temas com\u00fans vaian a peor, coa intencionalidade de &#8230; \u00bf? a saber, depende de cada caso, pero si podemos apostar que dende a \u00f3ptica persoal de quen machaca \u00e1 maior\u00eda, est\u00e1 sacando unha ventaxa persoal, a\u00ednda que \u00e1s veces sexa relativa, a modo de satisfacci\u00f3n enfermiza vendo que se dest\u00fae algo com\u00fan. E nese sentido, o que aplica \u00f3s incendios cami\u00f1a da veiga p\u00f3dese aplicar a outros moitos incendios, reais como lume ou asignables \u00e1 palabra incendio como verba ret\u00f3rica.<\/p>\n","protected":false},"excerpt":{"rendered":"<p>Onte, vento forte, e conato de incendio, un m\u00e1is, a car\u00f3n da estrada da Veiga. A intencionalidade dase por segura. O chegar ata o fondo e buscar culpabilidades, iso xa \u00e9 diferente e ten outra probabilidade. O caso, o de sempre: mentras que hai xente que tenta solucionar cousas, outra tenta que os temas com\u00fans [&hellip;]<\/p>\n","protected":false},"author":3,"featured_media":0,"comment_status":"open","ping_status":"closed","sticky":false,"template":"","format":"standard","meta":{"activitypub_content_warning":"","activitypub_content_visibility":"","activitypub_max_image_attachments":3,"activitypub_interaction_policy_quote":"anyone","activitypub_status":"federated","footnotes":""},"categories":[1],"tags":[9],"class_list":["post-8219","post","type-post","status-publish","format-standard","hentry","category-sen-categoria","tag-sociedade"],"_links":{"self":[{"href":"https:\/\/blogs.amarinha.gal\/ribadeando\/wp-json\/wp\/v2\/posts\/8219","targetHints":{"allow":["GET"]}}],"collection":[{"href":"https:\/\/blogs.amarinha.gal\/ribadeando\/wp-json\/wp\/v2\/posts"}],"about":[{"href":"https:\/\/blogs.amarinha.gal\/ribadeando\/wp-json\/wp\/v2\/types\/post"}],"author":[{"embeddable":true,"href":"https:\/\/blogs.amarinha.gal\/ribadeando\/wp-json\/wp\/v2\/users\/3"}],"replies":[{"embeddable":true,"href":"https:\/\/blogs.amarinha.gal\/ribadeando\/wp-json\/wp\/v2\/comments?post=8219"}],"version-history":[{"count":0,"href":"https:\/\/blogs.amarinha.gal\/ribadeando\/wp-json\/wp\/v2\/posts\/8219\/revisions"}],"wp:attachment":[{"href":"https:\/\/blogs.amarinha.gal\/ribadeando\/wp-json\/wp\/v2\/media?parent=8219"}],"wp:term":[{"taxonomy":"category","embeddable":true,"href":"https:\/\/blogs.amarinha.gal\/ribadeando\/wp-json\/wp\/v2\/categories?post=8219"},{"taxonomy":"post_tag","embeddable":true,"href":"https:\/\/blogs.amarinha.gal\/ribadeando\/wp-json\/wp\/v2\/tags?post=8219"}],"curies":[{"name":"wp","href":"https:\/\/api.w.org\/{rel}","templated":true}]}}