{"id":8218,"date":"2010-10-04T07:46:00","date_gmt":"2010-10-04T05:46:00","guid":{"rendered":""},"modified":"2024-11-12T14:53:47","modified_gmt":"2024-11-12T13:53:47","slug":"esperanza","status":"publish","type":"post","link":"https:\/\/blogs.amarinha.gal\/ribadeando\/2010\/10\/04\/esperanza\/","title":{"rendered":"Esperanza?"},"content":{"rendered":"<p>O &#8220;normal&#8221; \u00e9 que internamente a unha asociaci\u00f3n se impo\u00f1a o que dice o &#8216;xefe&#8217; (te\u00f1a o t\u00edtulo que te\u00f1a dentro dela) da mesma. En certo xeito, por iso \u00e9 o xefe. Por iso, o que pasou onte en Madrid, o ganar o membro opositor dentro do PSOE madrile\u00f1o Tom\u00e1s G\u00f3mez \u00e1 postulada polos mandam\u00e1is do partido, Trinidad Jim\u00e9nez, parece botar unha bocanada de posible renovaci\u00f3n dentro da estrutura dese partido. Por unha vez, ganar\u00edan os de abaixo. E pode que sexa as\u00ed, pero o certo \u00e9 que con esta pugna entre os dous candidatos \u00e1 Presidencia da Comunidade de Madrid o PSOE conseguiu facer m\u00e1is visible p\u00fablicamente, e mesmo m\u00e1is desexable por todos, a Tom\u00e1s G\u00f3mez, antes un desco\u00f1ecido para a cidadan\u00eda. \u00c9 dicir, conseguiu propaganda positiva gratis de paso que lograba desviar algo a atenci\u00f3n doutros problemas. Se foi prantexado as\u00ed ou non, non creo que o cheguemos a saber, e xa queda para a historia. Agora queda (para o PSOE, pero tam\u00e9n para todos) o aproveitar os beneficios que poda traer.<br \/>\nMentras, cabe lembrar que aqu\u00ed, en Ribadeo, a elecci\u00f3n de candidatos dos diversos partidos non sucedeu exactamente como primarias abertas cun proceso transparente. Ou si?<\/p>\n","protected":false},"excerpt":{"rendered":"<p>O &#8220;normal&#8221; \u00e9 que internamente a unha asociaci\u00f3n se impo\u00f1a o que dice o &#8216;xefe&#8217; (te\u00f1a o t\u00edtulo que te\u00f1a dentro dela) da mesma. En certo xeito, por iso \u00e9 o xefe. Por iso, o que pasou onte en Madrid, o ganar o membro opositor dentro do PSOE madrile\u00f1o Tom\u00e1s G\u00f3mez \u00e1 postulada polos mandam\u00e1is [&hellip;]<\/p>\n","protected":false},"author":3,"featured_media":0,"comment_status":"open","ping_status":"closed","sticky":false,"template":"","format":"standard","meta":{"activitypub_content_warning":"","activitypub_content_visibility":"","activitypub_max_image_attachments":3,"activitypub_interaction_policy_quote":"anyone","activitypub_status":"federated","footnotes":""},"categories":[1],"tags":[13],"class_list":["post-8218","post","type-post","status-publish","format-standard","hentry","category-sen-categoria","tag-politica"],"_links":{"self":[{"href":"https:\/\/blogs.amarinha.gal\/ribadeando\/wp-json\/wp\/v2\/posts\/8218","targetHints":{"allow":["GET"]}}],"collection":[{"href":"https:\/\/blogs.amarinha.gal\/ribadeando\/wp-json\/wp\/v2\/posts"}],"about":[{"href":"https:\/\/blogs.amarinha.gal\/ribadeando\/wp-json\/wp\/v2\/types\/post"}],"author":[{"embeddable":true,"href":"https:\/\/blogs.amarinha.gal\/ribadeando\/wp-json\/wp\/v2\/users\/3"}],"replies":[{"embeddable":true,"href":"https:\/\/blogs.amarinha.gal\/ribadeando\/wp-json\/wp\/v2\/comments?post=8218"}],"version-history":[{"count":0,"href":"https:\/\/blogs.amarinha.gal\/ribadeando\/wp-json\/wp\/v2\/posts\/8218\/revisions"}],"wp:attachment":[{"href":"https:\/\/blogs.amarinha.gal\/ribadeando\/wp-json\/wp\/v2\/media?parent=8218"}],"wp:term":[{"taxonomy":"category","embeddable":true,"href":"https:\/\/blogs.amarinha.gal\/ribadeando\/wp-json\/wp\/v2\/categories?post=8218"},{"taxonomy":"post_tag","embeddable":true,"href":"https:\/\/blogs.amarinha.gal\/ribadeando\/wp-json\/wp\/v2\/tags?post=8218"}],"curies":[{"name":"wp","href":"https:\/\/api.w.org\/{rel}","templated":true}]}}