{"id":8217,"date":"2010-10-05T07:36:00","date_gmt":"2010-10-05T05:36:00","guid":{"rendered":""},"modified":"2024-11-12T14:53:45","modified_gmt":"2024-11-12T13:53:45","slug":"home","status":"publish","type":"post","link":"https:\/\/blogs.amarinha.gal\/ribadeando\/2010\/10\/05\/home\/","title":{"rendered":"Home"},"content":{"rendered":"<p>Home, isto non trata de Ribadeo. Alomenos, non s\u00f3. Home, unha verba que designa unha parte da humanidade, ou mesmo a humanidade enteira. Unha verba galega, verdade? Pode servir como moitas outras para testar a forza dunha lingua, mesmo a imposici\u00f3n dun idioma, &#8230;<br \/>\nZara Home. A primeira vez que vin as d\u00faas verbas xuntas, non o dubidei: unha tenda da cadea Zara especializada na roupa masculina. Pero non, resulta que \u00e9 o nome xen\u00e9rico das tendas da cadea de <a href=\"http:\/\/www.zarahome.com\/shop\/es\/es\/zara-home\/home\">Zara para o fogar<\/a>. E as\u00ed, ben antes de que a Xunta fixera a pinza &#8216;castel\u00e1n-ingl\u00e9s&#8217; quedando no medio apretuxado o galego, entre o home\/fogar e o hombre\/home. \u00c9 dicir, a Xunta s\u00f3 \u00e9 imitadora e sancionadora. Navega a favor da corrente, non se lle pode negar. En fin, nada novo&#8230;<\/p>\n","protected":false},"excerpt":{"rendered":"<p>Home, isto non trata de Ribadeo. Alomenos, non s\u00f3. Home, unha verba que designa unha parte da humanidade, ou mesmo a humanidade enteira. Unha verba galega, verdade? Pode servir como moitas outras para testar a forza dunha lingua, mesmo a imposici\u00f3n dun idioma, &#8230; Zara Home. A primeira vez que vin as d\u00faas verbas xuntas, [&hellip;]<\/p>\n","protected":false},"author":3,"featured_media":0,"comment_status":"open","ping_status":"closed","sticky":false,"template":"","format":"standard","meta":{"activitypub_content_warning":"","activitypub_content_visibility":"","activitypub_max_image_attachments":3,"activitypub_interaction_policy_quote":"anyone","activitypub_status":"federated","footnotes":""},"categories":[1],"tags":[32,9],"class_list":["post-8217","post","type-post","status-publish","format-standard","hentry","category-sen-categoria","tag-filosofia","tag-sociedade"],"_links":{"self":[{"href":"https:\/\/blogs.amarinha.gal\/ribadeando\/wp-json\/wp\/v2\/posts\/8217","targetHints":{"allow":["GET"]}}],"collection":[{"href":"https:\/\/blogs.amarinha.gal\/ribadeando\/wp-json\/wp\/v2\/posts"}],"about":[{"href":"https:\/\/blogs.amarinha.gal\/ribadeando\/wp-json\/wp\/v2\/types\/post"}],"author":[{"embeddable":true,"href":"https:\/\/blogs.amarinha.gal\/ribadeando\/wp-json\/wp\/v2\/users\/3"}],"replies":[{"embeddable":true,"href":"https:\/\/blogs.amarinha.gal\/ribadeando\/wp-json\/wp\/v2\/comments?post=8217"}],"version-history":[{"count":0,"href":"https:\/\/blogs.amarinha.gal\/ribadeando\/wp-json\/wp\/v2\/posts\/8217\/revisions"}],"wp:attachment":[{"href":"https:\/\/blogs.amarinha.gal\/ribadeando\/wp-json\/wp\/v2\/media?parent=8217"}],"wp:term":[{"taxonomy":"category","embeddable":true,"href":"https:\/\/blogs.amarinha.gal\/ribadeando\/wp-json\/wp\/v2\/categories?post=8217"},{"taxonomy":"post_tag","embeddable":true,"href":"https:\/\/blogs.amarinha.gal\/ribadeando\/wp-json\/wp\/v2\/tags?post=8217"}],"curies":[{"name":"wp","href":"https:\/\/api.w.org\/{rel}","templated":true}]}}