{"id":8216,"date":"2010-10-05T21:23:00","date_gmt":"2010-10-05T19:23:00","guid":{"rendered":""},"modified":"2024-11-12T14:53:44","modified_gmt":"2024-11-12T13:53:44","slug":"nota-de-prensa-de-o-teson-ciclo-de","status":"publish","type":"post","link":"https:\/\/blogs.amarinha.gal\/ribadeando\/2010\/10\/05\/nota-de-prensa-de-o-teson-ciclo-de\/","title":{"rendered":"Nota de prensa de O Tes\u00f3n: Ciclo de charlas &#8216;Ribadeo e &#8230;&#8217;"},"content":{"rendered":"<p>A AVV O Tes\u00f3n de Ribadeo, continuando na li\u00f1a de anteriores actividades culturais relacionadas con Ribadeo, comunica que ten programado para o presente mes de outubro o primeiro ciclo de charlas &#8216;Ribadeo e &#8230;&#8217;<\/p>\n<p>As charlas previstas para este primeiro ciclo, que ter\u00e1n lugar os d\u00edas rese\u00f1ados \u00e1s 20:30 en colaboraci\u00f3n coa Casa das Letras de Ribadeo, son:<\/p>\n<p>9 de outubro, s\u00e1bado &#8211; Francisco Javier Campos. Ribadeo e &#8230; o mar<\/p>\n<p>15 de outubro, venres &#8211; Iv\u00e1n Rodr\u00edguez Lombardero. Ribadeo e &#8230; o medio ambiente<\/p>\n<p>23 de outubro, s\u00e1bado &#8211; Celia Castro Fern\u00e1ndez. Ribadeo e &#8230; a pintura de Dionisio Fierros<\/p>\n<p>30 de outubro, s\u00e1bado &#8211; Luciano Zubillaga Zubillaga. Ribadeo e &#8230; o tempo<\/p>\n<p>As charlas est\u00e1n pensadas para unha duraci\u00f3n variable, pero menor que unha hora, e unha rolda de preguntas posterior.<\/p>\n<p>(<a href=\"http:\/\/o-teson.blogspot.com\/2010\/10\/ciclo-de-charlas-ribadeo-e.html\">post orixinal, aqu\u00ed<\/a>)<\/p>\n","protected":false},"excerpt":{"rendered":"<p>A AVV O Tes\u00f3n de Ribadeo, continuando na li\u00f1a de anteriores actividades culturais relacionadas con Ribadeo, comunica que ten programado para o presente mes de outubro o primeiro ciclo de charlas &#8216;Ribadeo e &#8230;&#8217; As charlas previstas para este primeiro ciclo, que ter\u00e1n lugar os d\u00edas rese\u00f1ados \u00e1s 20:30 en colaboraci\u00f3n coa Casa das Letras [&hellip;]<\/p>\n","protected":false},"author":3,"featured_media":0,"comment_status":"open","ping_status":"closed","sticky":false,"template":"","format":"standard","meta":{"activitypub_content_warning":"","activitypub_content_visibility":"","activitypub_max_image_attachments":3,"activitypub_interaction_policy_quote":"anyone","activitypub_status":"federated","footnotes":""},"categories":[1],"tags":[10,62,74],"class_list":["post-8216","post","type-post","status-publish","format-standard","hentry","category-sen-categoria","tag-cultura","tag-ivan-rodriguez","tag-o-teson"],"_links":{"self":[{"href":"https:\/\/blogs.amarinha.gal\/ribadeando\/wp-json\/wp\/v2\/posts\/8216","targetHints":{"allow":["GET"]}}],"collection":[{"href":"https:\/\/blogs.amarinha.gal\/ribadeando\/wp-json\/wp\/v2\/posts"}],"about":[{"href":"https:\/\/blogs.amarinha.gal\/ribadeando\/wp-json\/wp\/v2\/types\/post"}],"author":[{"embeddable":true,"href":"https:\/\/blogs.amarinha.gal\/ribadeando\/wp-json\/wp\/v2\/users\/3"}],"replies":[{"embeddable":true,"href":"https:\/\/blogs.amarinha.gal\/ribadeando\/wp-json\/wp\/v2\/comments?post=8216"}],"version-history":[{"count":0,"href":"https:\/\/blogs.amarinha.gal\/ribadeando\/wp-json\/wp\/v2\/posts\/8216\/revisions"}],"wp:attachment":[{"href":"https:\/\/blogs.amarinha.gal\/ribadeando\/wp-json\/wp\/v2\/media?parent=8216"}],"wp:term":[{"taxonomy":"category","embeddable":true,"href":"https:\/\/blogs.amarinha.gal\/ribadeando\/wp-json\/wp\/v2\/categories?post=8216"},{"taxonomy":"post_tag","embeddable":true,"href":"https:\/\/blogs.amarinha.gal\/ribadeando\/wp-json\/wp\/v2\/tags?post=8216"}],"curies":[{"name":"wp","href":"https:\/\/api.w.org\/{rel}","templated":true}]}}