{"id":8215,"date":"2010-10-06T07:43:00","date_gmt":"2010-10-06T05:43:00","guid":{"rendered":""},"modified":"2024-11-12T14:53:42","modified_gmt":"2024-11-12T13:53:42","slug":"sorri-que-venen-as-eleccions","status":"publish","type":"post","link":"https:\/\/blogs.amarinha.gal\/ribadeando\/2010\/10\/06\/sorri-que-venen-as-eleccions\/","title":{"rendered":"Sorr\u00ed, que ve\u00f1en as elecci\u00f3ns"},"content":{"rendered":"<p>Collo un titular quente, de hoxe mesmo: &#8220;<a href=\"http:\/\/www.lavozdegalicia.es\/amarina\/2010\/10\/06\/0003_8766063.htm\">El PSOE de Ribadeo anuncia que Fomento mejorar\u00e1 el tramo con m\u00e1s accidentes de A Mari\u00f1a<\/a>&#8220;. Entre el e o contido interior da nova p\u00f3dese sacar un aut\u00e9ntico manual de instrucci\u00f3ns preelectoral para os partidos que te\u00f1en alg\u00fan tipo de poder &#8216;externo&#8217;, \u00e9 dicir, f\u00f3ra do \u00e1mbito de aplicaci\u00f3n das seguintes elecci\u00f3ns (neste caso, o Psoe a nivel estatal e as municipais).<br \/>\nEn primeiro lugar (a orde en realidade pode variar, o importante \u00e9 o conxunto da mensaxe sempre que este\u00f1a ben aderezada), un aviso de que &#8216;os seus&#8217; doutras esferas administrativas van facer algo positivo (neste caso, o aviso ven dado polo propio titular).<br \/>\nEn segundo, po\u00f1er de manifesto o clientelismo, pero potenciado como relaci\u00f3n, \u00e9 dicir, como positivo (neste caso, a relaci\u00f3n entre alcaldable e o Ministro de Fomento, que o arropou no seu lanzamento).<br \/>\nEn terceiro lugar, obviar a propaganda para a presentaci\u00f3n do tema como un feito, unha nova m\u00e1is (preelecci\u00f3ns? non existe sitio para elas na nova).<br \/>\nEn cuarto, obviar o l\u00f3xico: se leva o tramo en mal estado xa tempo, por que non se fixo antes o seu ama\u00f1o?<br \/>\nEn quinto, non ser ambiciosos na presentaci\u00f3n, por exemplo, po\u00f1endo alg\u00fan tipo de cl\u00e1usula de resgardo por se non se cumpre &#8216;exactamente&#8217; o desexable ter sa\u00edda cara \u00f3 futuro (nuns d\u00edas &#8216;actuarase sobre parte do traxecto&#8217;, que en total son uns 9 km). Unha cl\u00e1usula &#8216;b&#8217; deste apartado quinto: unha raz\u00f3n m\u00e1is ou menos xustificada para o non cumprimento (os cami\u00f3ns que transitar\u00e1n por ese tramo &#8230; debido a facer unha senda peonil).<br \/>\nSexto, aproveitar para botar unha puya \u00e1 persoa obxectivo pol\u00edtico a batir no momento (resulta que o alcalde non saudou nun restaurante \u00f3 Ministro de Fomento, &#8216;art\u00edfice&#8217; do futuro ama\u00f1o da estrada).<br \/>\nE tam\u00e9n, i\u00f1orar esforzos que houbera por parte do &#8216;obxectivo pol\u00edtico&#8217; para conseguir o feito que se anuncia (ah, pero, houbo alg\u00fan movemento para conseguir o ama\u00f1o da estrada?).<br \/>\nAlgu\u00e9n da m\u00e1is?<\/p>\n","protected":false},"excerpt":{"rendered":"<p>Collo un titular quente, de hoxe mesmo: &#8220;El PSOE de Ribadeo anuncia que Fomento mejorar\u00e1 el tramo con m\u00e1s accidentes de A Mari\u00f1a&#8220;. Entre el e o contido interior da nova p\u00f3dese sacar un aut\u00e9ntico manual de instrucci\u00f3ns preelectoral para os partidos que te\u00f1en alg\u00fan tipo de poder &#8216;externo&#8217;, \u00e9 dicir, f\u00f3ra do \u00e1mbito de [&hellip;]<\/p>\n","protected":false},"author":3,"featured_media":0,"comment_status":"open","ping_status":"closed","sticky":false,"template":"","format":"standard","meta":{"activitypub_content_warning":"","activitypub_content_visibility":"","activitypub_max_image_attachments":3,"activitypub_interaction_policy_quote":"anyone","activitypub_status":"federated","footnotes":""},"categories":[1],"tags":[13],"class_list":["post-8215","post","type-post","status-publish","format-standard","hentry","category-sen-categoria","tag-politica"],"_links":{"self":[{"href":"https:\/\/blogs.amarinha.gal\/ribadeando\/wp-json\/wp\/v2\/posts\/8215","targetHints":{"allow":["GET"]}}],"collection":[{"href":"https:\/\/blogs.amarinha.gal\/ribadeando\/wp-json\/wp\/v2\/posts"}],"about":[{"href":"https:\/\/blogs.amarinha.gal\/ribadeando\/wp-json\/wp\/v2\/types\/post"}],"author":[{"embeddable":true,"href":"https:\/\/blogs.amarinha.gal\/ribadeando\/wp-json\/wp\/v2\/users\/3"}],"replies":[{"embeddable":true,"href":"https:\/\/blogs.amarinha.gal\/ribadeando\/wp-json\/wp\/v2\/comments?post=8215"}],"version-history":[{"count":0,"href":"https:\/\/blogs.amarinha.gal\/ribadeando\/wp-json\/wp\/v2\/posts\/8215\/revisions"}],"wp:attachment":[{"href":"https:\/\/blogs.amarinha.gal\/ribadeando\/wp-json\/wp\/v2\/media?parent=8215"}],"wp:term":[{"taxonomy":"category","embeddable":true,"href":"https:\/\/blogs.amarinha.gal\/ribadeando\/wp-json\/wp\/v2\/categories?post=8215"},{"taxonomy":"post_tag","embeddable":true,"href":"https:\/\/blogs.amarinha.gal\/ribadeando\/wp-json\/wp\/v2\/tags?post=8215"}],"curies":[{"name":"wp","href":"https:\/\/api.w.org\/{rel}","templated":true}]}}