{"id":8214,"date":"2010-10-07T07:39:00","date_gmt":"2010-10-07T05:39:00","guid":{"rendered":""},"modified":"2024-11-12T14:53:41","modified_gmt":"2024-11-12T13:53:41","slug":"os-cambios-nos-tempos","status":"publish","type":"post","link":"https:\/\/blogs.amarinha.gal\/ribadeando\/2010\/10\/07\/os-cambios-nos-tempos\/","title":{"rendered":"Os cambios nos tempos"},"content":{"rendered":"<p>Onte mesmo pasaba polas mi\u00f1as mans unha vella nota de prensa (ano 2006, a comezos, ou 2005, finais, non lembro ben) na que os promotores ribadenses, por medio do seu representante no momento, ped\u00edan que non se suspenderan os permisos de construcci\u00f3n polos graves danos que causar\u00eda \u00e1 construcci\u00f3n e a Ribadeo en xeral. Dende aquela, houbo suspensi\u00f3n, houbo xesti\u00f3n do novo PXOM, e xesti\u00f3n do PXOM, e xesti\u00f3n do PXOM, e segue a haber xesti\u00f3n do <a href=\"http:\/\/www.ribadeo.org\/actualidade\/nova.php?id=605&amp;lg=gal\">PXOM, de tal xeito que hai colgada unha nota de prensa de onte mesmo do concello<\/a> sobre o tema (en relaci\u00f3n \u00f3 atranco do POL). E tam\u00e9n houbo crise, lixeira baixada de prezos na construcci\u00f3n (segundo a prensa destes d\u00edas, prev\u00e9se que a baixada sexa abondo superior \u00f3 que leva sido), forte descenso de vendas, &#8230;. e a\u00ednda que ret\u00f3ricamente (presi\u00f3n pol\u00edtica e esas cousas de xogos de maiores) segue a haber xaleo polo tema do PXOM, que se espera que remate alg\u00fan d\u00eda por facerse realidade, todo est\u00e1 abondo m\u00e1is calmo que hai cinco anos.<br \/>\nCambio nos tempos? Cambio de mentalidade? Cambio de circunstancias? (equivalente \u00f3 anterior &#8216;cambio nos tempos&#8217;). A cousa est\u00e1 as\u00ed, e polo momento, estar\u00e1.<\/p>\n","protected":false},"excerpt":{"rendered":"<p>Onte mesmo pasaba polas mi\u00f1as mans unha vella nota de prensa (ano 2006, a comezos, ou 2005, finais, non lembro ben) na que os promotores ribadenses, por medio do seu representante no momento, ped\u00edan que non se suspenderan os permisos de construcci\u00f3n polos graves danos que causar\u00eda \u00e1 construcci\u00f3n e a Ribadeo en xeral. Dende [&hellip;]<\/p>\n","protected":false},"author":3,"featured_media":0,"comment_status":"open","ping_status":"closed","sticky":false,"template":"","format":"standard","meta":{"activitypub_content_warning":"","activitypub_content_visibility":"","activitypub_max_image_attachments":3,"activitypub_interaction_policy_quote":"anyone","activitypub_status":"federated","footnotes":""},"categories":[1],"tags":[65,13],"class_list":["post-8214","post","type-post","status-publish","format-standard","hentry","category-sen-categoria","tag-arquitectura","tag-politica"],"_links":{"self":[{"href":"https:\/\/blogs.amarinha.gal\/ribadeando\/wp-json\/wp\/v2\/posts\/8214","targetHints":{"allow":["GET"]}}],"collection":[{"href":"https:\/\/blogs.amarinha.gal\/ribadeando\/wp-json\/wp\/v2\/posts"}],"about":[{"href":"https:\/\/blogs.amarinha.gal\/ribadeando\/wp-json\/wp\/v2\/types\/post"}],"author":[{"embeddable":true,"href":"https:\/\/blogs.amarinha.gal\/ribadeando\/wp-json\/wp\/v2\/users\/3"}],"replies":[{"embeddable":true,"href":"https:\/\/blogs.amarinha.gal\/ribadeando\/wp-json\/wp\/v2\/comments?post=8214"}],"version-history":[{"count":0,"href":"https:\/\/blogs.amarinha.gal\/ribadeando\/wp-json\/wp\/v2\/posts\/8214\/revisions"}],"wp:attachment":[{"href":"https:\/\/blogs.amarinha.gal\/ribadeando\/wp-json\/wp\/v2\/media?parent=8214"}],"wp:term":[{"taxonomy":"category","embeddable":true,"href":"https:\/\/blogs.amarinha.gal\/ribadeando\/wp-json\/wp\/v2\/categories?post=8214"},{"taxonomy":"post_tag","embeddable":true,"href":"https:\/\/blogs.amarinha.gal\/ribadeando\/wp-json\/wp\/v2\/tags?post=8214"}],"curies":[{"name":"wp","href":"https:\/\/api.w.org\/{rel}","templated":true}]}}