{"id":8207,"date":"2010-10-14T07:54:00","date_gmt":"2010-10-14T05:54:00","guid":{"rendered":""},"modified":"2024-11-12T14:53:29","modified_gmt":"2024-11-12T13:53:29","slug":"nova-charla-ribadeo-e-o-medio-ambiente","status":"publish","type":"post","link":"https:\/\/blogs.amarinha.gal\/ribadeando\/2010\/10\/14\/nova-charla-ribadeo-e-o-medio-ambiente\/","title":{"rendered":"Nova charla, Ribadeo e &#8230; o medio ambiente, ma\u00f1\u00e1"},"content":{"rendered":"<p><a href=\"https:\/\/blogger.googleusercontent.com\/img\/b\/R29vZ2xl\/AVvXsEhJ1khuZK1_EBWCIhwGr3W5N7vpphqJnFHxbIwkT8v6KQhTY3B6IjjP1RggyRecpuWpLMxKkUMDHp-BCIig3ViMhzPDUBi2RyzWqU3COK2Py7S9oIQqdAZzpIVhdOXOL-lM0fmx2w\/s2048\/Charla+Iv%C3%A1n+p.jpg\" onblur=\"try {parent.deselectBloggerImageGracefully();} catch(e) {}\"><img decoding=\"async\" alt=\"\" src=\"https:\/\/blogger.googleusercontent.com\/img\/b\/R29vZ2xl\/AVvXsEhJ1khuZK1_EBWCIhwGr3W5N7vpphqJnFHxbIwkT8v6KQhTY3B6IjjP1RggyRecpuWpLMxKkUMDHp-BCIig3ViMhzPDUBi2RyzWqU3COK2Py7S9oIQqdAZzpIVhdOXOL-lM0fmx2w\/s2048\/Charla+Iv%C3%A1n+p.jpg\" \/><\/a><\/p>\n<p>Deixo a nota de prensa:<\/p>\n<p>AVV O Tes\u00f3n<\/p>\n<p>Nota de prensa<\/p>\n<p>Ribadeo, 20101012<\/p>\n<p>Unha volta realizada a primeira charla do ciclo \u201cRibadeo e &#8230;\u201d, protagonizada por Pancho Campos e adicada \u00f3 mar, o pr\u00f3ximo venres 15 de outubro, \u00e1s 20:30 na Casa das Letras ribadense, Iv\u00e1n Rodr\u00edguez Lombardero falar\u00e1 sobre &#8216;Ribadeo e &#8230; o medio ambiente&#8217;.<\/p>\n<p>En canto a \u201cRibadeo e &#8230; o mar\u201d, despois do interese manifestado polos asistentes e diversa xente que disculpou a s\u00faa asistencia, a asociaci\u00f3n ten dispo\u00f1ible a gravaci\u00f3n da charla de Pancho Campos, que esperamos sexa colgada pr\u00f3ximamente en internet.<\/p>\n<p>En relaci\u00f3n a &#8216;Ribadeo e &#8230; o medio ambiente&#8217;, o protagonista, ampliamente relacionado con Ribadeo, \u00e9 o actual t\u00e9cnico medioambiental do concello. Doctorado e ex-profesor universitario, foi participante como ponente en diversos encontros cient\u00edficos, tendo pasado adem\u00e1is pola experiencia empresarial. Adx\u00fantase o cartel da charla.<\/p>\n<p>O resto das charlas ser\u00e1n:<\/p>\n<p>23 de outubro, s\u00e1bado &#8211; Celia Castro Fern\u00e1ndez. Ribadeo e &#8230; a pintura de Dionisio Fierros<\/p>\n<p>30 de outubro, s\u00e1bado &#8211; Luciano Zubillaga Zubillaga. Ribadeo e &#8230; o tempo<\/p>\n<p>L\u00e9mbrase que as charlas est\u00e1n pensadas para unha duraci\u00f3n variable, pero menor que unha hora, e unha rolda de preguntas posterior. A entrada \u00e9 libre.<\/p>\n","protected":false},"excerpt":{"rendered":"<p>Deixo a nota de prensa: AVV O Tes\u00f3n Nota de prensa Ribadeo, 20101012 Unha volta realizada a primeira charla do ciclo \u201cRibadeo e &#8230;\u201d, protagonizada por Pancho Campos e adicada \u00f3 mar, o pr\u00f3ximo venres 15 de outubro, \u00e1s 20:30 na Casa das Letras ribadense, Iv\u00e1n Rodr\u00edguez Lombardero falar\u00e1 sobre &#8216;Ribadeo e &#8230; o medio [&hellip;]<\/p>\n","protected":false},"author":3,"featured_media":0,"comment_status":"open","ping_status":"closed","sticky":false,"template":"","format":"standard","meta":{"activitypub_content_warning":"","activitypub_content_visibility":"","activitypub_max_image_attachments":3,"activitypub_interaction_policy_quote":"anyone","activitypub_status":"federated","footnotes":""},"categories":[1],"tags":[62,74],"class_list":["post-8207","post","type-post","status-publish","format-standard","hentry","category-sen-categoria","tag-ivan-rodriguez","tag-o-teson"],"_links":{"self":[{"href":"https:\/\/blogs.amarinha.gal\/ribadeando\/wp-json\/wp\/v2\/posts\/8207","targetHints":{"allow":["GET"]}}],"collection":[{"href":"https:\/\/blogs.amarinha.gal\/ribadeando\/wp-json\/wp\/v2\/posts"}],"about":[{"href":"https:\/\/blogs.amarinha.gal\/ribadeando\/wp-json\/wp\/v2\/types\/post"}],"author":[{"embeddable":true,"href":"https:\/\/blogs.amarinha.gal\/ribadeando\/wp-json\/wp\/v2\/users\/3"}],"replies":[{"embeddable":true,"href":"https:\/\/blogs.amarinha.gal\/ribadeando\/wp-json\/wp\/v2\/comments?post=8207"}],"version-history":[{"count":0,"href":"https:\/\/blogs.amarinha.gal\/ribadeando\/wp-json\/wp\/v2\/posts\/8207\/revisions"}],"wp:attachment":[{"href":"https:\/\/blogs.amarinha.gal\/ribadeando\/wp-json\/wp\/v2\/media?parent=8207"}],"wp:term":[{"taxonomy":"category","embeddable":true,"href":"https:\/\/blogs.amarinha.gal\/ribadeando\/wp-json\/wp\/v2\/categories?post=8207"},{"taxonomy":"post_tag","embeddable":true,"href":"https:\/\/blogs.amarinha.gal\/ribadeando\/wp-json\/wp\/v2\/tags?post=8207"}],"curies":[{"name":"wp","href":"https:\/\/api.w.org\/{rel}","templated":true}]}}