{"id":8205,"date":"2010-10-15T07:34:00","date_gmt":"2010-10-15T05:34:00","guid":{"rendered":""},"modified":"2024-11-12T14:53:26","modified_gmt":"2024-11-12T13:53:26","slug":"pasou-o-dia-pero-non-romeria","status":"publish","type":"post","link":"https:\/\/blogs.amarinha.gal\/ribadeando\/2010\/10\/15\/pasou-o-dia-pero-non-romeria\/","title":{"rendered":"Pasou o d\u00eda, pero non a romer\u00eda."},"content":{"rendered":"<p>10\/10\/10: <a href=\"http:\/\/www.350.org\/es\">D\u00eda internacional de soluci\u00f3ns clim\u00e1ticas<\/a>.<br \/>\n07\/10\/10: <a href=\"http:\/\/www.wddw.org\/-A-proposito-de-la-jornada-\">Xornada internacional polo traballo decente<\/a>.<br \/>\nRepercusions? que se viran por aqu\u00ed, nulas.<br \/>\nEn ambos casos ser\u00eda bon  que tiveran acadado os seus obxectivos. Non parece que fora as\u00ed en  ning\u00fan deles. Nin tampoico que se lograra unha difusi\u00f3n adecuada para  que o intento tivera visos de chegar a algo.<br \/>\nEn ambos casos, este  ano: as persoas que convocan estes eventos saben que te\u00f1en que  perseverar se queren chegar a algo alg\u00fan d\u00eda. E far\u00e1no. Porque tam\u00e9n  saben que \u00e9 necesario.<br \/>\nMentras, tanto emprego como clima seguen a fraquear. Tam\u00e9n en Ribadeo.<\/p>\n","protected":false},"excerpt":{"rendered":"<p>10\/10\/10: D\u00eda internacional de soluci\u00f3ns clim\u00e1ticas. 07\/10\/10: Xornada internacional polo traballo decente. Repercusions? que se viran por aqu\u00ed, nulas. En ambos casos ser\u00eda bon que tiveran acadado os seus obxectivos. Non parece que fora as\u00ed en ning\u00fan deles. Nin tampoico que se lograra unha difusi\u00f3n adecuada para que o intento tivera visos de chegar a [&hellip;]<\/p>\n","protected":false},"author":3,"featured_media":0,"comment_status":"open","ping_status":"closed","sticky":false,"template":"","format":"standard","meta":{"activitypub_content_warning":"","activitypub_content_visibility":"","activitypub_max_image_attachments":3,"activitypub_interaction_policy_quote":"anyone","activitypub_status":"federated","footnotes":""},"categories":[1],"tags":[9],"class_list":["post-8205","post","type-post","status-publish","format-standard","hentry","category-sen-categoria","tag-sociedade"],"_links":{"self":[{"href":"https:\/\/blogs.amarinha.gal\/ribadeando\/wp-json\/wp\/v2\/posts\/8205","targetHints":{"allow":["GET"]}}],"collection":[{"href":"https:\/\/blogs.amarinha.gal\/ribadeando\/wp-json\/wp\/v2\/posts"}],"about":[{"href":"https:\/\/blogs.amarinha.gal\/ribadeando\/wp-json\/wp\/v2\/types\/post"}],"author":[{"embeddable":true,"href":"https:\/\/blogs.amarinha.gal\/ribadeando\/wp-json\/wp\/v2\/users\/3"}],"replies":[{"embeddable":true,"href":"https:\/\/blogs.amarinha.gal\/ribadeando\/wp-json\/wp\/v2\/comments?post=8205"}],"version-history":[{"count":0,"href":"https:\/\/blogs.amarinha.gal\/ribadeando\/wp-json\/wp\/v2\/posts\/8205\/revisions"}],"wp:attachment":[{"href":"https:\/\/blogs.amarinha.gal\/ribadeando\/wp-json\/wp\/v2\/media?parent=8205"}],"wp:term":[{"taxonomy":"category","embeddable":true,"href":"https:\/\/blogs.amarinha.gal\/ribadeando\/wp-json\/wp\/v2\/categories?post=8205"},{"taxonomy":"post_tag","embeddable":true,"href":"https:\/\/blogs.amarinha.gal\/ribadeando\/wp-json\/wp\/v2\/tags?post=8205"}],"curies":[{"name":"wp","href":"https:\/\/api.w.org\/{rel}","templated":true}]}}