{"id":8203,"date":"2010-10-18T07:24:00","date_gmt":"2010-10-18T05:24:00","guid":{"rendered":""},"modified":"2024-11-12T14:53:23","modified_gmt":"2024-11-12T13:53:23","slug":"todos-somos-iguais-ante-lei-asi-debera","status":"publish","type":"post","link":"https:\/\/blogs.amarinha.gal\/ribadeando\/2010\/10\/18\/todos-somos-iguais-ante-lei-asi-debera\/","title":{"rendered":"Todos somos iguais ante a lei? As\u00ed debera ser"},"content":{"rendered":"<p>O vello principio de igualdade ante a lei non remata de ser asimilado, quiz\u00e1is nin comprendido, segundo como sexa o que nos afecte. O caso m\u00e1is recente en Ribadeo son as obras de remodelaci\u00f3n do IES Gamallo Fierros para dar cabida no futuro \u00f3 IES de Ribadeo, uni\u00f3n do Gamallo co Porta da Auga. Comezan as obras (&#8216;s\u00f3&#8217; con dous anos de retraso respecto do prometido pola Conseller\u00eda de Educaci\u00f3n no seu momento) e son paradas polo alcalde.<br \/>\nRaz\u00f3n? <a href=\"http:\/\/www.ribadeo.org\/actualidade\/nova.php?id=611&amp;lg=gal\">67 000 \u20ac<\/a>.<br \/>\nA cousa \u00e9 que existen unhas taxas municipais que contrib\u00faen \u00e1s arcas do concello, neste momento tan depauperadas. E que non foron satisfeitas. As obras comezaron xa hai alg\u00fan tempo, pero en falso, e agora chegou o alcalde e mandou parar. As\u00ed, con retraso, pero parece polo menos superficialmente que a cuesti\u00f3n de igualdade queda cumprida neste caso. E a igualdade \u00e9 algo para ir cumprindo pouco a pouco cando se parte dunha situaci\u00f3n de desigualdade. Alomenos, cando non se \u00e9 capaz de establecer o cumprimento de golpe, que soe ser a maior\u00eda das veces, segundo ensina a vida. Polo tanto, e a parte doutras consecuencias que poda ter, benvida a igualdade neste caso.<\/p>\n","protected":false},"excerpt":{"rendered":"<p>O vello principio de igualdade ante a lei non remata de ser asimilado, quiz\u00e1is nin comprendido, segundo como sexa o que nos afecte. O caso m\u00e1is recente en Ribadeo son as obras de remodelaci\u00f3n do IES Gamallo Fierros para dar cabida no futuro \u00f3 IES de Ribadeo, uni\u00f3n do Gamallo co Porta da Auga. Comezan [&hellip;]<\/p>\n","protected":false},"author":3,"featured_media":0,"comment_status":"open","ping_status":"closed","sticky":false,"template":"","format":"standard","meta":{"activitypub_content_warning":"","activitypub_content_visibility":"","activitypub_max_image_attachments":3,"activitypub_interaction_policy_quote":"anyone","activitypub_status":"federated","footnotes":""},"categories":[1],"tags":[9],"class_list":["post-8203","post","type-post","status-publish","format-standard","hentry","category-sen-categoria","tag-sociedade"],"_links":{"self":[{"href":"https:\/\/blogs.amarinha.gal\/ribadeando\/wp-json\/wp\/v2\/posts\/8203","targetHints":{"allow":["GET"]}}],"collection":[{"href":"https:\/\/blogs.amarinha.gal\/ribadeando\/wp-json\/wp\/v2\/posts"}],"about":[{"href":"https:\/\/blogs.amarinha.gal\/ribadeando\/wp-json\/wp\/v2\/types\/post"}],"author":[{"embeddable":true,"href":"https:\/\/blogs.amarinha.gal\/ribadeando\/wp-json\/wp\/v2\/users\/3"}],"replies":[{"embeddable":true,"href":"https:\/\/blogs.amarinha.gal\/ribadeando\/wp-json\/wp\/v2\/comments?post=8203"}],"version-history":[{"count":0,"href":"https:\/\/blogs.amarinha.gal\/ribadeando\/wp-json\/wp\/v2\/posts\/8203\/revisions"}],"wp:attachment":[{"href":"https:\/\/blogs.amarinha.gal\/ribadeando\/wp-json\/wp\/v2\/media?parent=8203"}],"wp:term":[{"taxonomy":"category","embeddable":true,"href":"https:\/\/blogs.amarinha.gal\/ribadeando\/wp-json\/wp\/v2\/categories?post=8203"},{"taxonomy":"post_tag","embeddable":true,"href":"https:\/\/blogs.amarinha.gal\/ribadeando\/wp-json\/wp\/v2\/tags?post=8203"}],"curies":[{"name":"wp","href":"https:\/\/api.w.org\/{rel}","templated":true}]}}