{"id":8201,"date":"2010-10-19T08:15:00","date_gmt":"2010-10-19T06:15:00","guid":{"rendered":""},"modified":"2024-11-12T14:53:12","modified_gmt":"2024-11-12T13:53:12","slug":"democracia-inestable-potenciando-o","status":"publish","type":"post","link":"https:\/\/blogs.amarinha.gal\/ribadeando\/2010\/10\/19\/democracia-inestable-potenciando-o\/","title":{"rendered":"A democracia inestable: potenciando o nacionalsocialismo (ou semellantes)"},"content":{"rendered":"<p>Receita: &#8220;s\u00f3 hai que trivializar actitudes inadmisibles, deshumanizar consignas, converter en virtuosos actos xen\u00f3fobos, racistas, intransixentes; reivindicar a insolaridade e facer da crueldade un acto de xustiza, un dereito irrenunciable&#8221; (<a href=\"http:\/\/blogs.publico.es\/asuntosycuestiones\/291\/inoculando-el-veneno\/\">http:\/\/blogs.publico.es\/asuntosycuestiones\/291\/inoculando-el-veneno\/<\/a>) E si, \u00e9 ben doado, e pode facerse dende a esquerda, a dereita ou o &#8216;centro&#8217;. Mesmo pode potenciarse non exactamente o nacionalsocialismo ou calquera outro extremismo, sen\u00f3n o enfrontamento, o guerracivilismo, e deso temos avisos dende hai alg\u00fans anos. E \u00e9 que a democracia hai que coidala. Entre todos, minimizando e non maximizando os intereses persoais a costa do com\u00fan. Porque a democracia, abandoada, \u00e9 inestable: t\u00e9no amosado no pasado, e est\u00e1o amosando no presente.<\/p>\n","protected":false},"excerpt":{"rendered":"<p>Receita: &#8220;s\u00f3 hai que trivializar actitudes inadmisibles, deshumanizar consignas, converter en virtuosos actos xen\u00f3fobos, racistas, intransixentes; reivindicar a insolaridade e facer da crueldade un acto de xustiza, un dereito irrenunciable&#8221; (http:\/\/blogs.publico.es\/asuntosycuestiones\/291\/inoculando-el-veneno\/) E si, \u00e9 ben doado, e pode facerse dende a esquerda, a dereita ou o &#8216;centro&#8217;. Mesmo pode potenciarse non exactamente o nacionalsocialismo ou [&hellip;]<\/p>\n","protected":false},"author":3,"featured_media":0,"comment_status":"open","ping_status":"closed","sticky":false,"template":"","format":"standard","meta":{"activitypub_content_warning":"","activitypub_content_visibility":"","activitypub_max_image_attachments":3,"activitypub_interaction_policy_quote":"anyone","activitypub_status":"federate","footnotes":""},"categories":[1],"tags":[32,13],"class_list":["post-8201","post","type-post","status-publish","format-standard","hentry","category-sen-categoria","tag-filosofia","tag-politica"],"_links":{"self":[{"href":"https:\/\/blogs.amarinha.gal\/ribadeando\/wp-json\/wp\/v2\/posts\/8201","targetHints":{"allow":["GET"]}}],"collection":[{"href":"https:\/\/blogs.amarinha.gal\/ribadeando\/wp-json\/wp\/v2\/posts"}],"about":[{"href":"https:\/\/blogs.amarinha.gal\/ribadeando\/wp-json\/wp\/v2\/types\/post"}],"author":[{"embeddable":true,"href":"https:\/\/blogs.amarinha.gal\/ribadeando\/wp-json\/wp\/v2\/users\/3"}],"replies":[{"embeddable":true,"href":"https:\/\/blogs.amarinha.gal\/ribadeando\/wp-json\/wp\/v2\/comments?post=8201"}],"version-history":[{"count":0,"href":"https:\/\/blogs.amarinha.gal\/ribadeando\/wp-json\/wp\/v2\/posts\/8201\/revisions"}],"wp:attachment":[{"href":"https:\/\/blogs.amarinha.gal\/ribadeando\/wp-json\/wp\/v2\/media?parent=8201"}],"wp:term":[{"taxonomy":"category","embeddable":true,"href":"https:\/\/blogs.amarinha.gal\/ribadeando\/wp-json\/wp\/v2\/categories?post=8201"},{"taxonomy":"post_tag","embeddable":true,"href":"https:\/\/blogs.amarinha.gal\/ribadeando\/wp-json\/wp\/v2\/tags?post=8201"}],"curies":[{"name":"wp","href":"https:\/\/api.w.org\/{rel}","templated":true}]}}