{"id":8199,"date":"2010-10-21T07:41:00","date_gmt":"2010-10-21T05:41:00","guid":{"rendered":""},"modified":"2024-11-12T14:53:10","modified_gmt":"2024-11-12T13:53:10","slug":"definicion-dun-porto","status":"publish","type":"post","link":"https:\/\/blogs.amarinha.gal\/ribadeando\/2010\/10\/21\/definicion-dun-porto\/","title":{"rendered":"A definici\u00f3n dun porto"},"content":{"rendered":"<p><span>&nbsp;&nbsp; &nbsp;<\/span>A definici\u00f3n dun porto pasa pola consideraci\u00f3n dunha lamela de auga \u00fatil e a superficie terrestre usable. Nun porto interno a unha r\u00eda relativamente non moi grande, ambas est\u00e1n relacionadas, pois a m\u00e1is cantidade dunha, menor disponibilidade da outra. En Ribadeo, a lamela de auga que se mermou hai non moito en 8 000 m<sup>2<\/sup> usouse para dar \u00f3 peirao unha maior superficie terrestre. A parte das consideraci\u00f3ns sobre a s\u00faa conveniencia no relativo a correntes na r\u00eda, arrastre de materiais ou sedimentaci\u00f3n, hai quen opina que foi un erro reducir unha zona de atraque con auga m\u00e1is calma para convertela nunha superficie na que os barcos non poden estar e no seu momento houbo compromiso de non constru\u00edr.&nbsp;<\/p>\n<p><span>&nbsp;&nbsp; &nbsp;<\/span>Agora portos volve a anunciar <a href=\"http:\/\/www.lavozdegalicia.es\/amarina\/2010\/10\/21\/0003_8796542.htm\">m\u00e1is anchura na beira do peirao e un novo dragado<\/a>. \u00c9 certo que a bo seguro a anchura que se lle pretende dar \u00e9 a continuaci\u00f3n da li\u00f1a de atraque que agora m\u00e9tese para deixar un retranqueo inexplicable na zona norte, e que os dragados son m\u00e1is do mesmo que se leva feito estes anos. Pero tam\u00e9n o \u00e9 que polo momento o plan de conservaci\u00f3n da r\u00eda non existe, e un estudo de proxecci\u00f3n de futuro do porto, tampouco. E mentras sabemos que nas \u00faltimas d\u00e9cadas aumentou a necesidade de dragado, b\u00f3tase m\u00e1is material \u00e1 r\u00eda, o que previsiblemente aumentar\u00e1 a necesidade de sacar area. Hai anos que xa foron esquecidos os <a href=\"http:\/\/publicadoenribadeo.wikispaces.com\/Traballos+de+Isidoro+Asensio+Amor\">estudos de I. Asensio<\/a> que predic\u00edan a lama na praia dos bloques, e que eu saiba non foi publicado nada semellante de xeito posterior para as actuaci\u00f3ns da r\u00eda, e os impactos ambientais son desco\u00f1ecidos para a cidadan\u00eda&#8230; Parece como se o futuro se vira ninguneado polo actual. E unha actuaci\u00f3n na r\u00eda e no porto sen unhas miras amplas \u00e9 algo que non deberamos permitirnos.<\/p>\n","protected":false},"excerpt":{"rendered":"<p>&nbsp;&nbsp; &nbsp;A definici\u00f3n dun porto pasa pola consideraci\u00f3n dunha lamela de auga \u00fatil e a superficie terrestre usable. Nun porto interno a unha r\u00eda relativamente non moi grande, ambas est\u00e1n relacionadas, pois a m\u00e1is cantidade dunha, menor disponibilidade da outra. En Ribadeo, a lamela de auga que se mermou hai non moito en 8 000 [&hellip;]<\/p>\n","protected":false},"author":3,"featured_media":0,"comment_status":"open","ping_status":"closed","sticky":false,"template":"","format":"standard","meta":{"activitypub_content_warning":"","activitypub_content_visibility":"","activitypub_max_image_attachments":3,"activitypub_interaction_policy_quote":"anyone","activitypub_status":"federate","footnotes":""},"categories":[1],"tags":[21,80,9],"class_list":["post-8199","post","type-post","status-publish","format-standard","hentry","category-sen-categoria","tag-economia","tag-ria_si_nave_non","tag-sociedade"],"_links":{"self":[{"href":"https:\/\/blogs.amarinha.gal\/ribadeando\/wp-json\/wp\/v2\/posts\/8199","targetHints":{"allow":["GET"]}}],"collection":[{"href":"https:\/\/blogs.amarinha.gal\/ribadeando\/wp-json\/wp\/v2\/posts"}],"about":[{"href":"https:\/\/blogs.amarinha.gal\/ribadeando\/wp-json\/wp\/v2\/types\/post"}],"author":[{"embeddable":true,"href":"https:\/\/blogs.amarinha.gal\/ribadeando\/wp-json\/wp\/v2\/users\/3"}],"replies":[{"embeddable":true,"href":"https:\/\/blogs.amarinha.gal\/ribadeando\/wp-json\/wp\/v2\/comments?post=8199"}],"version-history":[{"count":0,"href":"https:\/\/blogs.amarinha.gal\/ribadeando\/wp-json\/wp\/v2\/posts\/8199\/revisions"}],"wp:attachment":[{"href":"https:\/\/blogs.amarinha.gal\/ribadeando\/wp-json\/wp\/v2\/media?parent=8199"}],"wp:term":[{"taxonomy":"category","embeddable":true,"href":"https:\/\/blogs.amarinha.gal\/ribadeando\/wp-json\/wp\/v2\/categories?post=8199"},{"taxonomy":"post_tag","embeddable":true,"href":"https:\/\/blogs.amarinha.gal\/ribadeando\/wp-json\/wp\/v2\/tags?post=8199"}],"curies":[{"name":"wp","href":"https:\/\/api.w.org\/{rel}","templated":true}]}}