{"id":8198,"date":"2010-10-22T07:38:00","date_gmt":"2010-10-22T05:38:00","guid":{"rendered":""},"modified":"2024-11-12T14:53:08","modified_gmt":"2024-11-12T13:53:08","slug":"cca-2","status":"publish","type":"post","link":"https:\/\/blogs.amarinha.gal\/ribadeando\/2010\/10\/22\/cca-2\/","title":{"rendered":"CCA &#8211; 2"},"content":{"rendered":"<p>Ribadeo ten un Centro Comercial Aberto. Iso sab\u00e9molo todos: \u00e9 unha agrupaci\u00f3n de tendas do centro urb\u00e1n que tratan de potenciarse mutuamente englob\u00e1ndose nunha asociaci\u00f3n. As\u00ed pois, non \u00e9 propiamente unha \u00fanica entidade que aglutina tendas, sen\u00f3n unha acci\u00f3n comunitaria para asemellarse \u00e1 uni\u00f3n dun centro comercial e aproveitar sinerxias do mellor xeito posible.<br \/>\nTam\u00e9n tivo un intento de centro comercial arredor do hiper de Eroski. \u00d3 final, ou mellor, \u00f3 principio, a cousa non foi moi adiante. A\u00ednda as\u00ed, primeiro foi unha tenda de Brico King e logo, de xieto separado e controvertido, un Lidl. Nese tempo, cerrou a principal tenda por tama\u00f1o de Ribadeo &#8211; centro, e abriron unhas cantas m\u00e1is, destacando franquicias e unha cadea comercial. \u00c9 dicir, variando a textura do tecido comercial, e tam\u00e9n, potenciando dende f\u00f3ra da asociaci\u00f3n do CCA ese mesmo centro comercial. Digo dende f\u00f3ra non s\u00f3 porque a porcentaxe de asociaci\u00f3n \u00f3 CCA coido que empeorou cos novos negocios, sen\u00f3n porque \u00f3 tratarse de comercios non enraizados na s\u00faa base en Ribadeo, te\u00f1en outras perspectivas comerciais con intereses estrat\u00e9xicos diferentes. E digo o de potenciando dende f\u00f3ra porque como negocios, est\u00e1n para ganar cartos, e saben que a afluencia de xente beneficia a todos eles, a\u00ednda que non entren na colaboraci\u00f3n directa do CCA.<br \/>\nAgora, o equilibrio actual, -se se lle pode chamar as\u00ed \u00f3 desequilibrio de intereses entre zonas, pero progreso de ambas- volta a evolucionar: dous novos comercios de tama\u00f1o abondante instalaranse na vici\u00f1anza dos anteriores de gran tama\u00f1o en Vilar, un de atuendo deportivo e outro de calzados. Con iso, a idea de centro comercial f\u00f3ra do centro vai tomando corpo, a\u00ednda que con retraso.<br \/>\nOnte, na radio Onda Cero, participei nunha tertulia na que un dos temas tratados foi se era ou non beneficioso para Ribadeo. a mi\u00f1a postura non a tiven moi crara, o tema \u00e9 complexo. En xeral, coido que haber\u00eda que distinguir os beneficios para a comarca dos que xera para o pobo. Os perxu\u00edzos para o comercio instalado no centro urb\u00e1n (ou beneficios) e para os empregados, en forma de n\u00famero de empregos e calidade. E tam\u00e9n o aumento inicial na competitividade, beneficioso alomenos mentres non force a peche de tendas no centro urbano. Son alg\u00fans dos puntais a considerar.  Fal\u00e1ronse al\u00ed doutros temas relacionados, e non houbo acordo xen\u00e9rico e toma de postura conxunta. E ti, que opinas?<\/p>\n","protected":false},"excerpt":{"rendered":"<p>Ribadeo ten un Centro Comercial Aberto. Iso sab\u00e9molo todos: \u00e9 unha agrupaci\u00f3n de tendas do centro urb\u00e1n que tratan de potenciarse mutuamente englob\u00e1ndose nunha asociaci\u00f3n. As\u00ed pois, non \u00e9 propiamente unha \u00fanica entidade que aglutina tendas, sen\u00f3n unha acci\u00f3n comunitaria para asemellarse \u00e1 uni\u00f3n dun centro comercial e aproveitar sinerxias do mellor xeito posible. Tam\u00e9n [&hellip;]<\/p>\n","protected":false},"author":3,"featured_media":0,"comment_status":"open","ping_status":"closed","sticky":false,"template":"","format":"standard","meta":{"activitypub_content_warning":"","activitypub_content_visibility":"","activitypub_max_image_attachments":3,"activitypub_interaction_policy_quote":"anyone","activitypub_status":"federate","footnotes":""},"categories":[1],"tags":[21,9],"class_list":["post-8198","post","type-post","status-publish","format-standard","hentry","category-sen-categoria","tag-economia","tag-sociedade"],"_links":{"self":[{"href":"https:\/\/blogs.amarinha.gal\/ribadeando\/wp-json\/wp\/v2\/posts\/8198","targetHints":{"allow":["GET"]}}],"collection":[{"href":"https:\/\/blogs.amarinha.gal\/ribadeando\/wp-json\/wp\/v2\/posts"}],"about":[{"href":"https:\/\/blogs.amarinha.gal\/ribadeando\/wp-json\/wp\/v2\/types\/post"}],"author":[{"embeddable":true,"href":"https:\/\/blogs.amarinha.gal\/ribadeando\/wp-json\/wp\/v2\/users\/3"}],"replies":[{"embeddable":true,"href":"https:\/\/blogs.amarinha.gal\/ribadeando\/wp-json\/wp\/v2\/comments?post=8198"}],"version-history":[{"count":0,"href":"https:\/\/blogs.amarinha.gal\/ribadeando\/wp-json\/wp\/v2\/posts\/8198\/revisions"}],"wp:attachment":[{"href":"https:\/\/blogs.amarinha.gal\/ribadeando\/wp-json\/wp\/v2\/media?parent=8198"}],"wp:term":[{"taxonomy":"category","embeddable":true,"href":"https:\/\/blogs.amarinha.gal\/ribadeando\/wp-json\/wp\/v2\/categories?post=8198"},{"taxonomy":"post_tag","embeddable":true,"href":"https:\/\/blogs.amarinha.gal\/ribadeando\/wp-json\/wp\/v2\/tags?post=8198"}],"curies":[{"name":"wp","href":"https:\/\/api.w.org\/{rel}","templated":true}]}}