{"id":8192,"date":"2010-10-26T07:42:00","date_gmt":"2010-10-26T05:42:00","guid":{"rendered":""},"modified":"2024-11-12T14:53:00","modified_gmt":"2024-11-12T13:53:00","slug":"de-novo-os-cortes-de-luz","status":"publish","type":"post","link":"https:\/\/blogs.amarinha.gal\/ribadeando\/2010\/10\/26\/de-novo-os-cortes-de-luz\/","title":{"rendered":"De novo, os cortes de luz"},"content":{"rendered":"<p>Un gran temporal? Non! simplemente, a repetici\u00f3n dos cortes de luz de anteriores anos (<a href=\"http:\/\/ribadeando.blogspot.com\/2008\/02\/esta-noite-comeza-campaa.html\">aqu\u00ed, unha referencia<\/a> como exemplo). E un m\u00e1s a puntar na lista de cortes que non deberan suceder.<br \/>\nComo noutras ocasi\u00f3ns, segundo a prensa, a empresa l\u00e1vase as mans, porque as \u00e1rbores est\u00e1n a\u00ed, e sempre poden producir avar\u00edas. A xustificaci\u00f3n \u00e9 d\u00e9bil, incapaz de explicar m\u00e1is al\u00f3 dun feito illado, non &#8216;feitos illados repetidos&#8217;, pero parece que quen ten capacidade para actuar non act\u00faa. Hai quen di que \u00e9 porque se lle debe cartos \u00e1 empresa de subministro el\u00e9ctrico. Non sei se estamos as\u00ed ou non, pero haber\u00eda que acabar con idas de luz como a do domingo, perto de 3\/4 de hora a eso da unha e media.<br \/>\nMentras, a <a href=\"http:\/\/ribadeando.blogspot.com\/2008\/04\/xuntanza-co-alcalde.html\">carta enviada pola Mesa de Asociaci\u00f3ns<\/a> hai xa un par de anos longo, a diversas entidades, viaxou en balde polo momento.<\/p>\n","protected":false},"excerpt":{"rendered":"<p>Un gran temporal? Non! simplemente, a repetici\u00f3n dos cortes de luz de anteriores anos (aqu\u00ed, unha referencia como exemplo). E un m\u00e1s a puntar na lista de cortes que non deberan suceder. Como noutras ocasi\u00f3ns, segundo a prensa, a empresa l\u00e1vase as mans, porque as \u00e1rbores est\u00e1n a\u00ed, e sempre poden producir avar\u00edas. A xustificaci\u00f3n [&hellip;]<\/p>\n","protected":false},"author":3,"featured_media":0,"comment_status":"open","ping_status":"closed","sticky":false,"template":"","format":"standard","meta":{"activitypub_content_warning":"","activitypub_content_visibility":"","activitypub_max_image_attachments":3,"activitypub_interaction_policy_quote":"anyone","activitypub_status":"federated","footnotes":""},"categories":[1],"tags":[21,9],"class_list":["post-8192","post","type-post","status-publish","format-standard","hentry","category-sen-categoria","tag-economia","tag-sociedade"],"_links":{"self":[{"href":"https:\/\/blogs.amarinha.gal\/ribadeando\/wp-json\/wp\/v2\/posts\/8192","targetHints":{"allow":["GET"]}}],"collection":[{"href":"https:\/\/blogs.amarinha.gal\/ribadeando\/wp-json\/wp\/v2\/posts"}],"about":[{"href":"https:\/\/blogs.amarinha.gal\/ribadeando\/wp-json\/wp\/v2\/types\/post"}],"author":[{"embeddable":true,"href":"https:\/\/blogs.amarinha.gal\/ribadeando\/wp-json\/wp\/v2\/users\/3"}],"replies":[{"embeddable":true,"href":"https:\/\/blogs.amarinha.gal\/ribadeando\/wp-json\/wp\/v2\/comments?post=8192"}],"version-history":[{"count":0,"href":"https:\/\/blogs.amarinha.gal\/ribadeando\/wp-json\/wp\/v2\/posts\/8192\/revisions"}],"wp:attachment":[{"href":"https:\/\/blogs.amarinha.gal\/ribadeando\/wp-json\/wp\/v2\/media?parent=8192"}],"wp:term":[{"taxonomy":"category","embeddable":true,"href":"https:\/\/blogs.amarinha.gal\/ribadeando\/wp-json\/wp\/v2\/categories?post=8192"},{"taxonomy":"post_tag","embeddable":true,"href":"https:\/\/blogs.amarinha.gal\/ribadeando\/wp-json\/wp\/v2\/tags?post=8192"}],"curies":[{"name":"wp","href":"https:\/\/api.w.org\/{rel}","templated":true}]}}