{"id":8190,"date":"2010-10-28T07:36:00","date_gmt":"2010-10-28T05:36:00","guid":{"rendered":""},"modified":"2024-11-12T14:52:56","modified_gmt":"2024-11-12T13:52:56","slug":"critica-do-xefe-polo-subordinado-debe","status":"publish","type":"post","link":"https:\/\/blogs.amarinha.gal\/ribadeando\/2010\/10\/28\/critica-do-xefe-polo-subordinado-debe\/","title":{"rendered":"A cr\u00edtica do xefe polo subordinado debe ser un accidente, non un h\u00e1bito"},"content":{"rendered":"<p>Collo para o t\u00edtulo unha cita de <a href=\"http:\/\/es.wikipedia.org\/wiki\/Andr%C3%A9_Maurois\">Andr\u00e9 Maurois<\/a> que atopei nun xornal a semana pasada. Non di a explicaci\u00f3n que para que sexa un accidente, o proceder do xefe debe ser asemade correcto salvo accidente, pero coido que debe sobreentenderse.<br \/>\nEn pol\u00edtica, adem\u00e1is, non est\u00e1 moi claro que significa \/ a quen se lle aplica o de &#8216;subordinado&#8217;: se \u00f3s cargos p\u00fablicos, que est\u00e1n \u00f3 servizo dos cidad\u00e1ns, ou \u00f3s cidad\u00e1ns, que deben cumprir as normas que manexan os cargos. Na actual democracia, por eso do voto, parece que cada certo tempo e por uns d\u00edas, digo, parece, os cargos p\u00fablicos est\u00e1n dando explicaci\u00f3ns \u00f3s cidad\u00e1ns, polo que logo debera entenderse que son os cargos os subordinados dos cidad\u00e1ns. Mais o resto do tempo, mandatos enteiros, esa subordinaci\u00f3n esqu\u00e9cese e tenta de invertirse: son os cidad\u00e1ns quenes, de xeito humilde, receben varapaos dos cargos. No primeiro dos casos, os pol\u00edticos non soen criticar demasiado \u00f3s cidad\u00e1ns: en campa\u00f1a, aprece como se fora contraproducente. No segundo, a cr\u00edtica calada, ou en petit comit\u00e9, \u00fasanse como aliviadero de tensi\u00f3ns, sen vistas a unha correcci\u00f3n; en todo caso, con vistas a un cambio de persoa.<br \/>\nE as\u00ed \u00edmonos achegando a unhas e outras elecci\u00f3ns. E vemos como as novas derivadas da pol\u00edtica son as que invaden os xornais, convivindo e code\u00e1ndose coas novas &#8216;amarelas&#8217;, e en casos, pasando a formar parte delas.<br \/>\nPor certo, vexo hoxe novas todas &#8216;positivas&#8217; respecto a Ribadeo: a\u00ednda van botar outra capa na estrada de Porto (lembremos, algo m\u00e1is de 1 km), xa se poden pedir hortos urbanos para cultivar (con aviso da oposici\u00f3n de que o terreo pode voltar \u00f3 dono cando a iste lle pete), portos suprimir\u00e1 o aliviadero de saneamento na rada de Porcill\u00e1n (despois de estar anos e anos \u00e1 vista), e a Xunta realza a labor do Centro de Cultivos Mari\u00f1os (dependente da mesma Xunta). O certo \u00e9 que en principio, todas son boas novas, cou ou sen os par\u00e9nteses engadidos, e a \u00faltima leva con sigo unha inversi\u00f3n para potenciar un centro do que coido que se debera difundir m\u00e1is entre os ribadenses a s\u00faa importancia.<\/p>\n","protected":false},"excerpt":{"rendered":"<p>Collo para o t\u00edtulo unha cita de Andr\u00e9 Maurois que atopei nun xornal a semana pasada. Non di a explicaci\u00f3n que para que sexa un accidente, o proceder do xefe debe ser asemade correcto salvo accidente, pero coido que debe sobreentenderse. En pol\u00edtica, adem\u00e1is, non est\u00e1 moi claro que significa \/ a quen se lle [&hellip;]<\/p>\n","protected":false},"author":3,"featured_media":0,"comment_status":"open","ping_status":"closed","sticky":false,"template":"","format":"standard","meta":{"activitypub_content_warning":"","activitypub_content_visibility":"","activitypub_max_image_attachments":3,"activitypub_interaction_policy_quote":"anyone","activitypub_status":"federated","footnotes":""},"categories":[1],"tags":[32,13],"class_list":["post-8190","post","type-post","status-publish","format-standard","hentry","category-sen-categoria","tag-filosofia","tag-politica"],"_links":{"self":[{"href":"https:\/\/blogs.amarinha.gal\/ribadeando\/wp-json\/wp\/v2\/posts\/8190","targetHints":{"allow":["GET"]}}],"collection":[{"href":"https:\/\/blogs.amarinha.gal\/ribadeando\/wp-json\/wp\/v2\/posts"}],"about":[{"href":"https:\/\/blogs.amarinha.gal\/ribadeando\/wp-json\/wp\/v2\/types\/post"}],"author":[{"embeddable":true,"href":"https:\/\/blogs.amarinha.gal\/ribadeando\/wp-json\/wp\/v2\/users\/3"}],"replies":[{"embeddable":true,"href":"https:\/\/blogs.amarinha.gal\/ribadeando\/wp-json\/wp\/v2\/comments?post=8190"}],"version-history":[{"count":0,"href":"https:\/\/blogs.amarinha.gal\/ribadeando\/wp-json\/wp\/v2\/posts\/8190\/revisions"}],"wp:attachment":[{"href":"https:\/\/blogs.amarinha.gal\/ribadeando\/wp-json\/wp\/v2\/media?parent=8190"}],"wp:term":[{"taxonomy":"category","embeddable":true,"href":"https:\/\/blogs.amarinha.gal\/ribadeando\/wp-json\/wp\/v2\/categories?post=8190"},{"taxonomy":"post_tag","embeddable":true,"href":"https:\/\/blogs.amarinha.gal\/ribadeando\/wp-json\/wp\/v2\/tags?post=8190"}],"curies":[{"name":"wp","href":"https:\/\/api.w.org\/{rel}","templated":true}]}}