{"id":8187,"date":"2010-11-01T09:32:00","date_gmt":"2010-11-01T08:32:00","guid":{"rendered":""},"modified":"2024-11-12T14:52:51","modified_gmt":"2024-11-12T13:52:51","slug":"todolos-santos-non-e-defuntos","status":"publish","type":"post","link":"https:\/\/blogs.amarinha.gal\/ribadeando\/2010\/11\/01\/todolos-santos-non-e-defuntos\/","title":{"rendered":"T\u00f3dolos Santos non \u00e9 Defuntos &#8230;"},"content":{"rendered":"<p>Se nos cinguimos \u00e1 <a href=\"http:\/\/gl.wikipedia.org\/wiki\/D%C3%ADa_de_T%C3%B3dolos_Santos\">tradici\u00f3n cat\u00f3lica do d\u00eda de t\u00f3dolos santos<\/a>, ou polo contario, se nos quedamos co <a href=\"http:\/\/gl.wikipedia.org\/wiki\/Sama%C3%ADn\">Sama\u00edn<\/a> \/ <a href=\"http:\/\/gl.wikipedia.org\/wiki\/Halloween\">Halloween<\/a>, teremos una concepci\u00f3n da celebraci\u00f3n de hoxe ben diferente, a\u00ednda que emparentada en ambos casos. De calquera xeito, diferente da celebraci\u00f3n de ma\u00f1\u00e1, Defuntos.<br \/>\nNon creo que Zapataero estivera pensando nestas cousas cando nomeou novo goberno hai uns d\u00edas, nin que a ca\u00edda dun goberno lle dera a oposici\u00f3n un pesnamento semellante, a partires do &#8216;goberno morto&#8217;. Pero oc\u00f3rreseme que a reestruturaci\u00f3n gubernamental pode mirarse tam\u00e9n dende diversos puntos de vista, como cando tomamos como referencia para interpretar este d\u00eda unha ou outra tradici\u00f3n, que por certo, conviven con maior ou menor \u00edmpetu a traverso da historia.<br \/>\nA\u00ednda as\u00ed, quedar\u00edame en relaci\u00f3n \u00f3 cambio de goberno non tanto cos pensamentos direitos ou aqueles que deberan ser primarios, como con aqueles outros que subxacen \u00e1s expresi\u00f3ns que se co\u00f1ecen en relaci\u00f3n \u00f3 cambio. Pode que non te\u00f1an tanta relaci\u00f3n coas li\u00f1as doctrinais ou metodol\u00f3xicas que adoitar\u00e1 os pr\u00f3ximos meses o \u00f3rgano rector do estado espa\u00f1ol, pero quiz\u00e1is indiquen algo a m\u00e1is longo prazo, m\u00e1is dif\u00edcil de cambiar que unha sinxela lei. Tr\u00e1tase, por exemplo, da expresi\u00f3n que se atribu\u00eda a Zapatero por un diario hai uns cantos d\u00edas (por po\u00f1er un exemplo, poder\u00eda servir o que puxeron outros diarios sobre a &#8216;cachada&#8217; dos populares opinando en petit comit\u00e9 sobre o novo goberno): &#8220;Viendo las caras del PP, acertamos con el Gobierno&#8221;<br \/>\nPor que me quedar\u00eda con expresi\u00f3ns deste cariz e non con outras m\u00e1is \u00f3 xeito do que representar\u00eda un goberno? Porque manifestan algo que \u00e9 dif\u00edcil de variar no actual estado de cousas chamado democr\u00e1tico, que a pol\u00edtica nestes tempos non se fai para a gobernanza da polis, do estado, dos cidad\u00e1ns, sen\u00f3n seguindo segundas ou terceiras impresi\u00f3ns ou influenzas, para o mantemento do grupo e non do conxunto, para manexar as impresi\u00f3ns dos dem\u00e1is m\u00e1is que para administrar, etc. Mentras Zapatero ve &#8216;as caras do PP&#8217;, os cidad\u00e1ns quedamos \u00e1 marxe, porque se tratar\u00eda dunha loita entre dous partidos (o resto s\u00f3 contar\u00edan de comparsa, como apoio a un ou a outro) na que os cidad\u00e1ns s\u00f3 ser\u00edan as tropas m\u00e1is ou menos forzadas ou convencidas dun ou outro, sen moita posibilidade de actuar de xeito independente, defendendo os propios intereses de todos: \u00f3 fin, est\u00e1 demostrado nas elecci\u00f3ns que un &#8216;soldado&#8217; destes partidos vale por sete de IU, por exemplo. Ou que os partidos localistas s\u00f3 se te\u00f1en en conta se poden servir de bisagra, se se quere un exemplo a outro nivel. E poderiamos seguir.<br \/>\nMentras, a pol\u00edtica segue significando que nos est\u00e1n gobernando, t\u00e9\u00f1annos ou non en conta.<br \/>\nMenos mal que T\u00f3dolos Santos non \u00e9 a\u00ednda defuntos. Temos, como indica o calendario, un d\u00eda de gracia para reflexionar como cidad\u00e1ns antes de caer na irrelevancia. Na realidade, sempre teremos algo semellante, pero con tendencia a que sexa cada vez m\u00e1is dif\u00edcil de aproveitar esa reflexi\u00f3n.<\/p>\n","protected":false},"excerpt":{"rendered":"<p>Se nos cinguimos \u00e1 tradici\u00f3n cat\u00f3lica do d\u00eda de t\u00f3dolos santos, ou polo contario, se nos quedamos co Sama\u00edn \/ Halloween, teremos una concepci\u00f3n da celebraci\u00f3n de hoxe ben diferente, a\u00ednda que emparentada en ambos casos. De calquera xeito, diferente da celebraci\u00f3n de ma\u00f1\u00e1, Defuntos. Non creo que Zapataero estivera pensando nestas cousas cando nomeou [&hellip;]<\/p>\n","protected":false},"author":3,"featured_media":0,"comment_status":"open","ping_status":"closed","sticky":false,"template":"","format":"standard","meta":{"activitypub_content_warning":"","activitypub_content_visibility":"","activitypub_max_image_attachments":3,"activitypub_interaction_policy_quote":"anyone","activitypub_status":"federated","footnotes":""},"categories":[1],"tags":[32,13],"class_list":["post-8187","post","type-post","status-publish","format-standard","hentry","category-sen-categoria","tag-filosofia","tag-politica"],"_links":{"self":[{"href":"https:\/\/blogs.amarinha.gal\/ribadeando\/wp-json\/wp\/v2\/posts\/8187","targetHints":{"allow":["GET"]}}],"collection":[{"href":"https:\/\/blogs.amarinha.gal\/ribadeando\/wp-json\/wp\/v2\/posts"}],"about":[{"href":"https:\/\/blogs.amarinha.gal\/ribadeando\/wp-json\/wp\/v2\/types\/post"}],"author":[{"embeddable":true,"href":"https:\/\/blogs.amarinha.gal\/ribadeando\/wp-json\/wp\/v2\/users\/3"}],"replies":[{"embeddable":true,"href":"https:\/\/blogs.amarinha.gal\/ribadeando\/wp-json\/wp\/v2\/comments?post=8187"}],"version-history":[{"count":0,"href":"https:\/\/blogs.amarinha.gal\/ribadeando\/wp-json\/wp\/v2\/posts\/8187\/revisions"}],"wp:attachment":[{"href":"https:\/\/blogs.amarinha.gal\/ribadeando\/wp-json\/wp\/v2\/media?parent=8187"}],"wp:term":[{"taxonomy":"category","embeddable":true,"href":"https:\/\/blogs.amarinha.gal\/ribadeando\/wp-json\/wp\/v2\/categories?post=8187"},{"taxonomy":"post_tag","embeddable":true,"href":"https:\/\/blogs.amarinha.gal\/ribadeando\/wp-json\/wp\/v2\/tags?post=8187"}],"curies":[{"name":"wp","href":"https:\/\/api.w.org\/{rel}","templated":true}]}}