{"id":8183,"date":"2010-11-04T07:47:00","date_gmt":"2010-11-04T06:47:00","guid":{"rendered":""},"modified":"2024-11-12T14:52:45","modified_gmt":"2024-11-12T13:52:45","slug":"sobre-poboacion-o-xarron-poboacional","status":"publish","type":"post","link":"https:\/\/blogs.amarinha.gal\/ribadeando\/2010\/11\/04\/sobre-poboacion-o-xarron-poboacional\/","title":{"rendered":"Sobre poboaci\u00f3n: o xarr\u00f3n poboacional"},"content":{"rendered":"<p><a href=\"https:\/\/blogger.googleusercontent.com\/img\/b\/R29vZ2xl\/AVvXsEjus6kAshC28hlmF_vXo5ZseNM92yFcMPNvKLVDOr53TcgRrJxwJ0M91TMpwsI8Z0mZrufvgoPnLepP6fGjUIke-jLHnYiGLBwP9cEHRHv9fALoa9d0-P-2sLOxDGhbfJH-qL3Nfw\/s2048\/piramidepoboacional+ribadeo+2009.jpg\" onblur=\"try {parent.deselectBloggerImageGracefully();} catch(e) {}\"><img decoding=\"async\" alt=\"\" src=\"https:\/\/blogger.googleusercontent.com\/img\/b\/R29vZ2xl\/AVvXsEjus6kAshC28hlmF_vXo5ZseNM92yFcMPNvKLVDOr53TcgRrJxwJ0M91TMpwsI8Z0mZrufvgoPnLepP6fGjUIke-jLHnYiGLBwP9cEHRHv9fALoa9d0-P-2sLOxDGhbfJH-qL3Nfw\/s2048\/piramidepoboacional+ribadeo+2009.jpg\" \/><\/a>Con <a href=\"http:\/\/www.ige.eu\/\">datos do \u00faltimo censo publicado, 2009<\/a>, a chamada &#8216;pir\u00e1mide poboacional&#8217; de Ribadeo debera chamarse m\u00edas ben &#8216;xarr\u00f3n poboacional&#8217;, pois m\u00e1is que dunha pir\u00e1mide a s\u00faa forma \u00e9 a dun xarr\u00f3n, coas beiras ben amplas e sa\u00edntes.<\/p>\n<p>Destacaba onte La Voz de Galicia que en Lugo provincia hai m\u00e1is xente entre 85 e 89 anos que entre 0 e 4 anos. Se miramos o gr\u00e1fico correspondente a Ribadeo (que se pode ampliar premendo co rato sobre el), atopamos que hai m\u00e1is mulleres maiores de 75 anos que menores de 15 (nos homes non ocorre o mesmo, pois a esperanza de vida \u00e9 menor).<\/p>\n<p>A pir\u00e1mide poboacional de Ribadeo non debe tomarse separada da do resto de Galicia e Espa\u00f1a, pero, baixo os criterios &#8216;normais&#8217; ata hai pouco, presenta un perfil desastroso. Desastroso porque non asegura nin moito menos a poboaci\u00f3n (o mesmo que toda Galicia, o n\u00famero de habitantes, de non mediar emigraci\u00f3n, caer\u00e1 en ca\u00edda libre), o chamado &#8216;relevo xeracional&#8217;, que far\u00e1 que a poboaci\u00f3n siga a envellecer e cree problema como o de o coidado de persoas maiores e os recursos para facelo, a competitividade produtiva, etc.<\/p>\n<p>Voltando \u00e1 pir\u00e1mide poboacional de Ribadeo, parece abondo l\u00f3xica a decisi\u00f3n tomada de reconverter os dous IES nun s\u00f3, a\u00ednda que dita decisi\u00f3n se inscriba noutros par\u00e1metros. Tam\u00e9n parecer\u00eda l\u00f3xico que os pr\u00f3ximos 20-30 anos deran lugar a unha certa tregua \u00f3s servizos de atenci\u00f3n a maiores de Ribadeo, antes dun incremento relativo explosivo \u00f3 chegar os seguintes segmentos poboacionais \u00e1 vellez.<\/p>\n<p><a href=\"https:\/\/blogger.googleusercontent.com\/img\/b\/R29vZ2xl\/AVvXsEip-XlxmTJ8g5GlW97dGRbs7hv8bAmeSwQwbCQQg5VD7Mb8ieQJDsjqIjxiWOCVh88yLvP2kv7q3cbwZ5Nz2Y0MK-VSCABgDFmfDwHkSwwnKC12HWVGJPYl30GHKNfHGRLtSXrNYQ\/s2048\/porcentaxe+homes.jpg\" onblur=\"try {parent.deselectBloggerImageGracefully();} catch(e) {}\"><img decoding=\"async\" alt=\"\" src=\"https:\/\/blogger.googleusercontent.com\/img\/b\/R29vZ2xl\/AVvXsEip-XlxmTJ8g5GlW97dGRbs7hv8bAmeSwQwbCQQg5VD7Mb8ieQJDsjqIjxiWOCVh88yLvP2kv7q3cbwZ5Nz2Y0MK-VSCABgDFmfDwHkSwwnKC12HWVGJPYl30GHKNfHGRLtSXrNYQ\/s2048\/porcentaxe+homes.jpg\" \/><\/a>Como unha curiosidade, a porcentaxe de homes por tramo de idade deixa clara a pervivencia das mulleres, tam\u00e9n en Ribadeo.<\/p>\n<p>Con outro conxunto de variables, temos para a poboaci\u00f3n de orixe extranxeira por homes e mulleres:<\/p>\n<p>&#8212;&#8212;-Homes&#8212;&#8212;&#8212;&#8212;&#8212;&#8212;&#8212;&#8212;-                                                                     Mulleres<\/p>\n<p>Total Espa\u00f1ola Estranxeira Total Espa\u00f1ola Estranxeira<\/p>\n<p>4.745  __4.541__                 204____                        5.238__  5.002                __236<\/p>\n<p>Iso significa que a poboaci\u00f3n de orixe extranxeira est\u00e1 en menos do 4% en homes e no 4,5% en mulleres, abondo lonxe do 10% de media hispana.<\/p>\n<p>Respecto a estes datos, non tiro conclusi\u00f3ns, pero apunto que a pr\u00e1ctica 100% est\u00e1 en idades comprendidas entre 15 e 60 anos, isto \u00e9, con pouca carga para os servizos sociais de atenci\u00f3n \u00e1 idade (por certo, na prensa de hoxe trae os <a href=\"http:\/\/www.lavozdegalicia.es\/amarina\/2010\/11\/04\/0003_8826595.htm\">adxudicatarios do sorteo de 30 vivendas sociais<\/a>, entre os que se atopan dous -2- nomes que soan a orixe extranxeiro, isto \u00e9, 6,7%, e polo tanto, unha porcentaxe inferior que a que te\u00f1en os &#8216;extranxeiros&#8217; no grupo de idade en disposici\u00f3n de pedir unha praza no sorteo).<\/p>\n<p>M\u00e1is cousas e con m\u00e1is porfundidade se poden sacar da estat\u00edstica, pero por agora, aqu\u00ed queda.<\/p>\n","protected":false},"excerpt":{"rendered":"<p>Con datos do \u00faltimo censo publicado, 2009, a chamada &#8216;pir\u00e1mide poboacional&#8217; de Ribadeo debera chamarse m\u00edas ben &#8216;xarr\u00f3n poboacional&#8217;, pois m\u00e1is que dunha pir\u00e1mide a s\u00faa forma \u00e9 a dun xarr\u00f3n, coas beiras ben amplas e sa\u00edntes. Destacaba onte La Voz de Galicia que en Lugo provincia hai m\u00e1is xente entre 85 e 89 anos [&hellip;]<\/p>\n","protected":false},"author":3,"featured_media":0,"comment_status":"open","ping_status":"closed","sticky":false,"template":"","format":"standard","meta":{"activitypub_content_warning":"","activitypub_content_visibility":"","activitypub_max_image_attachments":3,"activitypub_interaction_policy_quote":"anyone","activitypub_status":"federated","footnotes":""},"categories":[1],"tags":[86,64,9],"class_list":["post-8183","post","type-post","status-publish","format-standard","hentry","category-sen-categoria","tag-poboacion","tag-residencia","tag-sociedade"],"_links":{"self":[{"href":"https:\/\/blogs.amarinha.gal\/ribadeando\/wp-json\/wp\/v2\/posts\/8183","targetHints":{"allow":["GET"]}}],"collection":[{"href":"https:\/\/blogs.amarinha.gal\/ribadeando\/wp-json\/wp\/v2\/posts"}],"about":[{"href":"https:\/\/blogs.amarinha.gal\/ribadeando\/wp-json\/wp\/v2\/types\/post"}],"author":[{"embeddable":true,"href":"https:\/\/blogs.amarinha.gal\/ribadeando\/wp-json\/wp\/v2\/users\/3"}],"replies":[{"embeddable":true,"href":"https:\/\/blogs.amarinha.gal\/ribadeando\/wp-json\/wp\/v2\/comments?post=8183"}],"version-history":[{"count":0,"href":"https:\/\/blogs.amarinha.gal\/ribadeando\/wp-json\/wp\/v2\/posts\/8183\/revisions"}],"wp:attachment":[{"href":"https:\/\/blogs.amarinha.gal\/ribadeando\/wp-json\/wp\/v2\/media?parent=8183"}],"wp:term":[{"taxonomy":"category","embeddable":true,"href":"https:\/\/blogs.amarinha.gal\/ribadeando\/wp-json\/wp\/v2\/categories?post=8183"},{"taxonomy":"post_tag","embeddable":true,"href":"https:\/\/blogs.amarinha.gal\/ribadeando\/wp-json\/wp\/v2\/tags?post=8183"}],"curies":[{"name":"wp","href":"https:\/\/api.w.org\/{rel}","templated":true}]}}