{"id":8180,"date":"2010-11-06T08:59:00","date_gmt":"2010-11-06T07:59:00","guid":{"rendered":""},"modified":"2024-11-12T14:52:34","modified_gmt":"2024-11-12T13:52:34","slug":"o-show-de-truman","status":"publish","type":"post","link":"https:\/\/blogs.amarinha.gal\/ribadeando\/2010\/11\/06\/o-show-de-truman\/","title":{"rendered":"O show de Truman"},"content":{"rendered":"<p>O anuncio da TVG para o cubrimento da visita papal de hoxe f\u00edxome pensar no anuncio que aparec\u00eda na pel\u00edcula &#8216;<a href=\"http:\/\/es.wikipedia.org\/wiki\/El_Show_de_Truman\">El show de Truman<\/a>&#8216; sobre a montaxe de seguemento de Truman dentro da esfera-plat\u00f3. Aqu\u00ed a cousa \u00e9 lixeiramente diferetne: santiago non se convirte nunha esfera plat\u00f3, sen\u00f3n que \u00e9 o seguemento cont\u00ednuo de Ratzinger en Santiago o que o envolve a el nunha esfera medi\u00e1tica que, \u00e1 vez, convirte a Santiago nun esceario, a modo daquel zar ruso que emprendeu unha viaxe polos seus territorios e non pasaba mesmo polas aldeas, pois lle ti\u00f1an preparados escearios fachadas para que creera que os servos viv\u00edan de marabilla. Aqu\u00ed tal parece que se conxugan as d\u00faas cousas, a un custe elevado: o custe da s\u00faa estancia en Galicia \u00e9 maior que en Catalu\u00f1a, e al\u00ed durme, e al\u00ed non paga todo a Xunta\/Generalitat, &#8230;<br \/>\nPor certo, botando contas, Ribadeo sae a uns 12 000 \u20ac, isto \u00e9, dous mill\u00f3ns das antigas pesetas de cartos p\u00fablicos que a Xunta destinar\u00e1 \u00f3 evento en nome de Ribadeo (parte al\u00edcuota, craro).<br \/>\nOutra cousa m\u00e1is ser\u00eda a labor policial de amedentamento dos opositores \u00e1 visita papal na mesma Compostela, os casos que se van co\u00f1ecendo de intentos de retirada (\u00e1s veces conseguidos, outras non) de carteis opositores, revisi\u00f3ns (ou intentos algunhas veces) de casas sen mandato xudicial, etc.<br \/>\nCoido que haber\u00eda que distinguir entre crenzas relixiosas, o que \u00e9 viaxe, cuesti\u00f3ns de custe e rendemento econ\u00f3mico, etc, pero a organizaci\u00f3n e os fastos po\u00f1en moi dif\u00edcil o facelo. Sen ir m\u00e1is al\u00f3, a representaci\u00f3n \u00e9 relixiosa, pol\u00edtica ou de mero peregrinaxe? Dicir que &#8216;as tres&#8217; coido que ser\u00eda demasiado&#8230;<\/p>\n","protected":false},"excerpt":{"rendered":"<p>O anuncio da TVG para o cubrimento da visita papal de hoxe f\u00edxome pensar no anuncio que aparec\u00eda na pel\u00edcula &#8216;El show de Truman&#8216; sobre a montaxe de seguemento de Truman dentro da esfera-plat\u00f3. Aqu\u00ed a cousa \u00e9 lixeiramente diferetne: santiago non se convirte nunha esfera plat\u00f3, sen\u00f3n que \u00e9 o seguemento cont\u00ednuo de Ratzinger [&hellip;]<\/p>\n","protected":false},"author":3,"featured_media":0,"comment_status":"open","ping_status":"closed","sticky":false,"template":"","format":"standard","meta":{"activitypub_content_warning":"","activitypub_content_visibility":"","activitypub_max_image_attachments":3,"activitypub_interaction_policy_quote":"anyone","activitypub_status":"federate","footnotes":""},"categories":[1],"tags":[9],"class_list":["post-8180","post","type-post","status-publish","format-standard","hentry","category-sen-categoria","tag-sociedade"],"_links":{"self":[{"href":"https:\/\/blogs.amarinha.gal\/ribadeando\/wp-json\/wp\/v2\/posts\/8180","targetHints":{"allow":["GET"]}}],"collection":[{"href":"https:\/\/blogs.amarinha.gal\/ribadeando\/wp-json\/wp\/v2\/posts"}],"about":[{"href":"https:\/\/blogs.amarinha.gal\/ribadeando\/wp-json\/wp\/v2\/types\/post"}],"author":[{"embeddable":true,"href":"https:\/\/blogs.amarinha.gal\/ribadeando\/wp-json\/wp\/v2\/users\/3"}],"replies":[{"embeddable":true,"href":"https:\/\/blogs.amarinha.gal\/ribadeando\/wp-json\/wp\/v2\/comments?post=8180"}],"version-history":[{"count":0,"href":"https:\/\/blogs.amarinha.gal\/ribadeando\/wp-json\/wp\/v2\/posts\/8180\/revisions"}],"wp:attachment":[{"href":"https:\/\/blogs.amarinha.gal\/ribadeando\/wp-json\/wp\/v2\/media?parent=8180"}],"wp:term":[{"taxonomy":"category","embeddable":true,"href":"https:\/\/blogs.amarinha.gal\/ribadeando\/wp-json\/wp\/v2\/categories?post=8180"},{"taxonomy":"post_tag","embeddable":true,"href":"https:\/\/blogs.amarinha.gal\/ribadeando\/wp-json\/wp\/v2\/tags?post=8180"}],"curies":[{"name":"wp","href":"https:\/\/api.w.org\/{rel}","templated":true}]}}