{"id":8177,"date":"2010-11-10T07:50:00","date_gmt":"2010-11-10T06:50:00","guid":{"rendered":""},"modified":"2024-11-12T14:52:30","modified_gmt":"2024-11-12T13:52:30","slug":"atravesando-barra-da-ria-de-ribadeo","status":"publish","type":"post","link":"https:\/\/blogs.amarinha.gal\/ribadeando\/2010\/11\/10\/atravesando-barra-da-ria-de-ribadeo\/","title":{"rendered":"Atravesando a barra da r\u00eda de Ribadeo"},"content":{"rendered":"<p><a onblur=\"try {parent.deselectBloggerImageGracefully();} catch(e) {}\" href=\"https:\/\/blogger.googleusercontent.com\/img\/b\/R29vZ2xl\/AVvXsEhA4BriGZnNwDOu4ortnj9czg4DgCopnPIyj5SFg1Yk6RzXI3lK8tkUG7hOOqhy7BiBAiVm1RV3pnxa2FXKADmCVxVuiB__rTi_Szm2SogqB54Muwi_QBPB7qxGbkF0I9VQbbb8Vw\/s2048\/Ondas+19.jpg\"><img decoding=\"async\" src=\"https:\/\/blogger.googleusercontent.com\/img\/b\/R29vZ2xl\/AVvXsEhA4BriGZnNwDOu4ortnj9czg4DgCopnPIyj5SFg1Yk6RzXI3lK8tkUG7hOOqhy7BiBAiVm1RV3pnxa2FXKADmCVxVuiB__rTi_Szm2SogqB54Muwi_QBPB7qxGbkF0I9VQbbb8Vw\/s2048\/Ondas+19.jpg\" alt=\"\" \/><\/a><br \/>\n<a onblur=\"try {parent.deselectBloggerImageGracefully();} catch(e) {}\" href=\"https:\/\/blogger.googleusercontent.com\/img\/b\/R29vZ2xl\/AVvXsEh3p4ST8u1iRn-Thv9W9HJxdaVKjUCnHnc-LQcwpLCjoJjoJhK2O0tsCc8Yc4FlPNIcdWpwIqd3xAg4z4kWPgsNwdEOKcYZU32V8aMgXECsVZm9BYH-b5Hwra-bKFOR4cCRXvaczw\/s2048\/ondas+21.jpg\"><img decoding=\"async\" src=\"https:\/\/blogger.googleusercontent.com\/img\/b\/R29vZ2xl\/AVvXsEh3p4ST8u1iRn-Thv9W9HJxdaVKjUCnHnc-LQcwpLCjoJjoJhK2O0tsCc8Yc4FlPNIcdWpwIqd3xAg4z4kWPgsNwdEOKcYZU32V8aMgXECsVZm9BYH-b5Hwra-bKFOR4cCRXvaczw\/s2048\/ondas+21.jpg\" alt=\"\" \/><\/a><br \/>\nOnte, co temporal no mar, era dif\u00edcil de atravesar a barra da r\u00eda. Outro d\u00eda falaremos do que \u00e9 a barra, pero hoxe, pedir\u00eda imaxinar o que ser\u00eda entrar un barco na r\u00eda a finais do s\u00e9culo XIX, a vela, coa opci\u00f3n de quedarse no mar cun temporal e ondas semellantes a estas, tomadas \u00f3 anoitecer na zona das Carrallas, pr\u00e1cticamente fronte \u00f3 dep\u00f3sito de butano. Vese a Punta da Cruz \u00f3 fondo (\u00e9 dicir, dende 43\u00ba33&#8217;8,13&#8243;N, 7\u00ba2&#8217;7,15&#8243;O, m\u00e1is ou menos segundo indicaci\u00f3n do <a href=\"http:\/\/sigpac.mapa.es\/fega\/visor\/\">Sigpac<\/a>).<br \/>\nO espect\u00e1culo estaba servido, e non lembro ter visto tanta concorrencia de xente nin de coches no cami\u00f1o do faro.<br \/>\nTemporal forte, ondas de gran tama\u00f1o, destrozos e mesmo contribuci\u00f3n \u00e1 perda de vidas humanas &#8230; pero non cicl\u00f3n tropical explosivo.<\/p>\n","protected":false},"excerpt":{"rendered":"<p>Onte, co temporal no mar, era dif\u00edcil de atravesar a barra da r\u00eda. Outro d\u00eda falaremos do que \u00e9 a barra, pero hoxe, pedir\u00eda imaxinar o que ser\u00eda entrar un barco na r\u00eda a finais do s\u00e9culo XIX, a vela, coa opci\u00f3n de quedarse no mar cun temporal e ondas semellantes a estas, tomadas \u00f3 [&hellip;]<\/p>\n","protected":false},"author":3,"featured_media":0,"comment_status":"open","ping_status":"closed","sticky":false,"template":"","format":"standard","meta":{"activitypub_content_warning":"","activitypub_content_visibility":"","activitypub_max_image_attachments":3,"activitypub_interaction_policy_quote":"anyone","activitypub_status":"federate","footnotes":""},"categories":[1],"tags":[57,23],"class_list":["post-8177","post","type-post","status-publish","format-standard","hentry","category-sen-categoria","tag-fotos-ria-de-ribadeo","tag-musica"],"_links":{"self":[{"href":"https:\/\/blogs.amarinha.gal\/ribadeando\/wp-json\/wp\/v2\/posts\/8177","targetHints":{"allow":["GET"]}}],"collection":[{"href":"https:\/\/blogs.amarinha.gal\/ribadeando\/wp-json\/wp\/v2\/posts"}],"about":[{"href":"https:\/\/blogs.amarinha.gal\/ribadeando\/wp-json\/wp\/v2\/types\/post"}],"author":[{"embeddable":true,"href":"https:\/\/blogs.amarinha.gal\/ribadeando\/wp-json\/wp\/v2\/users\/3"}],"replies":[{"embeddable":true,"href":"https:\/\/blogs.amarinha.gal\/ribadeando\/wp-json\/wp\/v2\/comments?post=8177"}],"version-history":[{"count":0,"href":"https:\/\/blogs.amarinha.gal\/ribadeando\/wp-json\/wp\/v2\/posts\/8177\/revisions"}],"wp:attachment":[{"href":"https:\/\/blogs.amarinha.gal\/ribadeando\/wp-json\/wp\/v2\/media?parent=8177"}],"wp:term":[{"taxonomy":"category","embeddable":true,"href":"https:\/\/blogs.amarinha.gal\/ribadeando\/wp-json\/wp\/v2\/categories?post=8177"},{"taxonomy":"post_tag","embeddable":true,"href":"https:\/\/blogs.amarinha.gal\/ribadeando\/wp-json\/wp\/v2\/tags?post=8177"}],"curies":[{"name":"wp","href":"https:\/\/api.w.org\/{rel}","templated":true}]}}