{"id":8174,"date":"2010-11-15T07:24:00","date_gmt":"2010-11-15T06:24:00","guid":{"rendered":""},"modified":"2024-11-12T14:52:25","modified_gmt":"2024-11-12T13:52:25","slug":"servizo-galego-de-saude","status":"publish","type":"post","link":"https:\/\/blogs.amarinha.gal\/ribadeando\/2010\/11\/15\/servizo-galego-de-saude\/","title":{"rendered":"Servizo Galego de Sa\u00fade"},"content":{"rendered":"<p>Co desprazamento do centro de gravedade de atenci\u00f3n \u00f3s pacientes da costa dende Burela a Lugo, mellor, \u00f3 novo macrohospital no extraradio lugu\u00e9s (ver diversos artigos tanto neste blog como no de <a href=\"http:\/\/o-teson.blogspot.com\/\">O Tes\u00f3n<\/a>), a falta de informaci\u00f3n, os diversos intereses, a mistura deste tema coa reforma da actuaci\u00f3n xeral do SGS, etc, interrompen a comunicaci\u00f3n entre a instituci\u00f3n e os pacientes, para a informaci\u0144n mutua (m\u00e1is ben para a informaci\u00f3n dos pacientes en relaci\u00f3n \u00e1 entidade). A \u00faltima entrada de <a href=\"http:\/\/im-pulso.blogspot.com\/\">im-pulso<\/a> trata precisamente este tema, se ben a nivel de comunicaci\u00f3n entre o servizo de atenci\u00f3n a un paciente particular e ese mesmo paciente. M\u00e1goa que a nivel xeral, non haxa un tel\u00e9fono para chamar equivalente \u00f3 que aparece no artigo &#8220;<a href=\"http:\/\/im-pulso.blogspot.com\/2010\/11\/en-ocasiones-el-paciente-y-el-medico-se.html\">En ocasiones, el paciente y el m\u00e9dico se comunican mejor por tel\u00e9fono<\/a>&#8220;.<\/p>\n","protected":false},"excerpt":{"rendered":"<p>Co desprazamento do centro de gravedade de atenci\u00f3n \u00f3s pacientes da costa dende Burela a Lugo, mellor, \u00f3 novo macrohospital no extraradio lugu\u00e9s (ver diversos artigos tanto neste blog como no de O Tes\u00f3n), a falta de informaci\u00f3n, os diversos intereses, a mistura deste tema coa reforma da actuaci\u00f3n xeral do SGS, etc, interrompen a [&hellip;]<\/p>\n","protected":false},"author":3,"featured_media":0,"comment_status":"open","ping_status":"closed","sticky":false,"template":"","format":"standard","meta":{"activitypub_content_warning":"","activitypub_content_visibility":"","activitypub_max_image_attachments":3,"activitypub_interaction_policy_quote":"anyone","activitypub_status":"federate","footnotes":""},"categories":[1],"tags":[9],"class_list":["post-8174","post","type-post","status-publish","format-standard","hentry","category-sen-categoria","tag-sociedade"],"_links":{"self":[{"href":"https:\/\/blogs.amarinha.gal\/ribadeando\/wp-json\/wp\/v2\/posts\/8174","targetHints":{"allow":["GET"]}}],"collection":[{"href":"https:\/\/blogs.amarinha.gal\/ribadeando\/wp-json\/wp\/v2\/posts"}],"about":[{"href":"https:\/\/blogs.amarinha.gal\/ribadeando\/wp-json\/wp\/v2\/types\/post"}],"author":[{"embeddable":true,"href":"https:\/\/blogs.amarinha.gal\/ribadeando\/wp-json\/wp\/v2\/users\/3"}],"replies":[{"embeddable":true,"href":"https:\/\/blogs.amarinha.gal\/ribadeando\/wp-json\/wp\/v2\/comments?post=8174"}],"version-history":[{"count":0,"href":"https:\/\/blogs.amarinha.gal\/ribadeando\/wp-json\/wp\/v2\/posts\/8174\/revisions"}],"wp:attachment":[{"href":"https:\/\/blogs.amarinha.gal\/ribadeando\/wp-json\/wp\/v2\/media?parent=8174"}],"wp:term":[{"taxonomy":"category","embeddable":true,"href":"https:\/\/blogs.amarinha.gal\/ribadeando\/wp-json\/wp\/v2\/categories?post=8174"},{"taxonomy":"post_tag","embeddable":true,"href":"https:\/\/blogs.amarinha.gal\/ribadeando\/wp-json\/wp\/v2\/tags?post=8174"}],"curies":[{"name":"wp","href":"https:\/\/api.w.org\/{rel}","templated":true}]}}