{"id":8172,"date":"2010-11-16T07:49:00","date_gmt":"2010-11-16T06:49:00","guid":{"rendered":""},"modified":"2024-11-12T14:52:22","modified_gmt":"2024-11-12T13:52:22","slug":"20101115-pleno","status":"publish","type":"post","link":"https:\/\/blogs.amarinha.gal\/ribadeando\/2010\/11\/16\/20101115-pleno\/","title":{"rendered":"20101115, Pleno"},"content":{"rendered":"<p>Onte voltou a haber pleno. Antes de referirse \u00f3s puntos do d\u00eda e a s\u00faa soluci\u00f3n, coido que \u00e9 preferible deterse un pouco no seu desenvolvemento en xeral. Chegou a haber no momento de m\u00e1is p\u00fablico 14 persoas,despois de haber vairos retrasdos en entrar e comezar a sa\u00edr xente pouco despois de unha hora de transcurso. Non \u00e9 raro que a xente non vaia, pois a\u00ednda que os plenos neste mandato cambiaron abondo, cun desenvolvemento en xeral m\u00e1is apacible e centrado, as pol\u00e9micas seguen sendo abundantes, cr\u00edpticas debido \u00e1 desinformaci\u00f3n ou sinxela falta de informaci\u00f3n previa en relaci\u00f3n \u00e1s diferentes comisi\u00f3ns nas que os temas foron tratados, e tam\u00e9n porque as discusi\u00f3ns moitas veces se fan como se nun caf\u00e9 se tratara: con sobreentendidos entre xente que presuntamente se co\u00f1ece. Adem\u00e1is, o tempo parece estar pensado para dar algunhas voltas innecesarias \u00f3s temas, mentras non se cambia de posici\u00f3ns preestablecidas e se fala, pero non se escoita como non sexa para recoller guantes e voltalos a lanzar; poucas veces se consideran datos com\u00fans, centr\u00e1ndose nos favorables \u00e1s posturas preestablecidas; \u00fasase dos plenos para facer preguntas que deberan estar xa resoltas cando se accede a eles e parecen m\u00e1is destinadas \u00e1 galer\u00eda, etc.<\/p>\n<p>En canto a onte, vaia polo momento s\u00f3 a orde do \u00eda, inclu\u00edndo decretos da alcald\u00eda, o regulamento da ORA e a aprobaci\u00f3n das taxas correspondentes, o convenio marco con ACISA ata o 2013, a reclamaci\u00f3n da urxente reclamaci\u00f3n da ponte de Arante, a aprobaci\u00f3n da ordeanza reguladora da axuda no fogar, a modificaci\u00f3n de taxas de servizos municipais en concesi\u00f3n a empresas privadas, as contas xerais do 2009, a renovaci\u00f3n dos representantes en consellos escolares e rogos e preguntas, a parte dun punto relacionado coa web 2.0 do que non sei a formulaci\u00f3n exacta, e a contestaci\u00f3n das <a href=\"http:\/\/o-teson.blogspot.com\/2010\/11\/preguntas-o-pleno-de-20101115.html\">preguntas de O Tes\u00f3n<\/a> \u00f3 final.<\/p>\n<p>Siguen varias entradas sobre o pleno ata <a href=\"http:\/\/ribadeando.blogspot.com\/2010\/11\/do-pleno-ainda.html\">aqu\u00ed<\/a>.<\/p>\n","protected":false},"excerpt":{"rendered":"<p>Onte voltou a haber pleno. Antes de referirse \u00f3s puntos do d\u00eda e a s\u00faa soluci\u00f3n, coido que \u00e9 preferible deterse un pouco no seu desenvolvemento en xeral. Chegou a haber no momento de m\u00e1is p\u00fablico 14 persoas,despois de haber vairos retrasdos en entrar e comezar a sa\u00edr xente pouco despois de unha hora de [&hellip;]<\/p>\n","protected":false},"author":3,"featured_media":0,"comment_status":"open","ping_status":"closed","sticky":false,"template":"","format":"standard","meta":{"activitypub_content_warning":"","activitypub_content_visibility":"","activitypub_max_image_attachments":3,"activitypub_interaction_policy_quote":"anyone","activitypub_status":"federate","footnotes":""},"categories":[1],"tags":[98,74,42],"class_list":["post-8172","post","type-post","status-publish","format-standard","hentry","category-sen-categoria","tag-acisa","tag-o-teson","tag-plenos"],"_links":{"self":[{"href":"https:\/\/blogs.amarinha.gal\/ribadeando\/wp-json\/wp\/v2\/posts\/8172","targetHints":{"allow":["GET"]}}],"collection":[{"href":"https:\/\/blogs.amarinha.gal\/ribadeando\/wp-json\/wp\/v2\/posts"}],"about":[{"href":"https:\/\/blogs.amarinha.gal\/ribadeando\/wp-json\/wp\/v2\/types\/post"}],"author":[{"embeddable":true,"href":"https:\/\/blogs.amarinha.gal\/ribadeando\/wp-json\/wp\/v2\/users\/3"}],"replies":[{"embeddable":true,"href":"https:\/\/blogs.amarinha.gal\/ribadeando\/wp-json\/wp\/v2\/comments?post=8172"}],"version-history":[{"count":0,"href":"https:\/\/blogs.amarinha.gal\/ribadeando\/wp-json\/wp\/v2\/posts\/8172\/revisions"}],"wp:attachment":[{"href":"https:\/\/blogs.amarinha.gal\/ribadeando\/wp-json\/wp\/v2\/media?parent=8172"}],"wp:term":[{"taxonomy":"category","embeddable":true,"href":"https:\/\/blogs.amarinha.gal\/ribadeando\/wp-json\/wp\/v2\/categories?post=8172"},{"taxonomy":"post_tag","embeddable":true,"href":"https:\/\/blogs.amarinha.gal\/ribadeando\/wp-json\/wp\/v2\/tags?post=8172"}],"curies":[{"name":"wp","href":"https:\/\/api.w.org\/{rel}","templated":true}]}}