{"id":8171,"date":"2010-11-16T23:27:00","date_gmt":"2010-11-16T22:27:00","guid":{"rendered":""},"modified":"2024-11-12T14:52:21","modified_gmt":"2024-11-12T13:52:21","slug":"procastinar-para-unha-historia-da","status":"publish","type":"post","link":"https:\/\/blogs.amarinha.gal\/ribadeando\/2010\/11\/16\/procastinar-para-unha-historia-da\/","title":{"rendered":"Procrastinar. Para unha historia da participaci\u00f3n cidad\u00e1 en Ribadeo."},"content":{"rendered":"<p>Comecemos a historia hai cousa de dous anos&#8230; O Tes\u00f3n promove un estatuto de participaci\u00f3n cidad\u00e1, pres\u00e9ntao \u00e1 Mesa de Asociaci\u00f3ns para tentar consensualo, e logo \u00e9 presentado no concello.<\/p>\n<p>Ou comecemos a\u00ednda m\u00e1is al\u00f3, hai perto de 6 anos, na primeira xuntanza das que se lle chamou &#8216;Mesa de Asociaci\u00f3ns&#8217;, seguida dun intento continuo e continuamente malogrado de ter unha comunicaci\u00f3n co(s) alcalde(s) como representante(s) do goberno municipal.<\/p>\n<p>Ou a\u00ednda m\u00e1is al\u00f3, coa aprobaci\u00f3n en pleno o 13 de setembro de 2004 dun procedemento para a presentaci\u00f3n de preguntas \u00f3 pleno (\u00f3s integrantes do pleno, f\u00f3ra da orde do d\u00eda, e polo tanto, do propio pleno) por parte das asociaci\u00f3ns.<\/p>\n<p>Quizais f\u00f3ra cousa de comezar hai perto de d\u00faas d\u00e9cadas, coa aprobaci\u00f3n inicial dun regulamento que quedou f\u00f3ra de combate, sen ser posto en pr\u00e1ctica, esquecido e sobrepasado&#8230;<\/p>\n<p>En calquera caso, estamos a falar da historia da participaci\u00f3n dos cidad\u00e1ns, dos ribadenses, na marcha do concello. Mellor, estamos a tentar falar da historia dos intentos de participaci\u00f3n&#8230;<\/p>\n<p>E \u00e9 que mentres que algo se vai conseguindo con moito esforzo, a criatura a\u00ednda est\u00e1 no berce. Expl\u00edcome.<\/p>\n<p>Hai d\u00faas d\u00e9cadas, houbo unha aprobaci\u00f3n previa dun estatuto, como outras que logo se deixan sen levar m\u00e1is al\u00f3 porque xorden \u00f3 calor do momento, na procura de cousas como votos, visi\u00f3n nos medios, etc. De aquelo que quedou? A reclamaci\u00f3n de seguir loitando para que se lograra algo efectivo co tempo, cos novos tempos que xa te\u00f1en engadido novas normativas xerais para guiar esa participaci\u00f3n.<\/p>\n<p>Dende o fin do ver\u00e1n do 2004, o funcionamento da quenda de preguntas f\u00f3ra do pleno, requerido no seu momento pola AVV O Tes\u00f3n, leva propiciado que a cidadan\u00eda se entere -ou mellor expresado, se achegue algo m\u00e1is a enterarse- dalgunhas cuesti\u00f3ns que non se tratar\u00edan na corporaci\u00f3n municipal de xeito aberto. Pero \u00e9 unha canle que, se ben segue a facer labor mentres non haxa outra que a mellore, o certo \u00e9 que se queda moi estreita para os tempos que corren ou para calquera outro tempo (por exemplo, podo remitirme o pleno de 15 de novembro de 2010 para ver a s\u00faa funcionalidade). E as\u00ed como as preguntas son en xeral directas, moitas das respostas recibidas parece como se tentaran dar un rodeo arredor da propia substancia que se demanda. Claro est\u00e1, hai algunha excepci\u00f3n que como se soe dicir, confirma a regra.<\/p>\n<p>En canto \u00e1 Mesa de asociaci\u00f3ns, leva anos sendo un lugar onde se tenta unha coordinaci\u00f3n das asociaci\u00f3ns veci\u00f1ais, e con xuntanzas peri\u00f3dicas, \u00e1s veces re\u00fane consensos e outras ten que limitarse a sinxelos intercambios de opini\u00f3ns entre os representantes das asociaci\u00f3ns asistentes. A segunda parte desas xuntanzas, a reuni\u00f3n co alcalde despois do consenso, \u00e9 abondo m\u00e1is espor\u00e1dica, a pesares das promesas recibidas (e incumpridas).<\/p>\n<p>E, este luns, houbo pleno. Do concello? Mellor, dos concelleiros. Mentres, un fato de asociaci\u00f3ns hai xa dous meses que entregaron \u00f3 concello un documento corrixido, borrador para o estatuto de participaci\u00f3n cidad\u00e1, correspondente a unha proposta do concello deste mesmo ano. Non recibiron nunca contestaci\u00f3n do presentado hai dous anos pola Mesa de Asociaci\u00f3ns, pero atenderon agora de novo, cando foi o concello o que presentou un documento que nada ten que ver coa redacci\u00f3n anterior feita pola Mesa. Non obstante a resposta si que ten que ver coa da vez pasada: \u00e9 a mesma, pois non a hai.<\/p>\n","protected":false},"excerpt":{"rendered":"<p>Comecemos a historia hai cousa de dous anos&#8230; O Tes\u00f3n promove un estatuto de participaci\u00f3n cidad\u00e1, pres\u00e9ntao \u00e1 Mesa de Asociaci\u00f3ns para tentar consensualo, e logo \u00e9 presentado no concello. Ou comecemos a\u00ednda m\u00e1is al\u00f3, hai perto de 6 anos, na primeira xuntanza das que se lle chamou &#8216;Mesa de Asociaci\u00f3ns&#8217;, seguida dun intento continuo [&hellip;]<\/p>\n","protected":false},"author":3,"featured_media":0,"comment_status":"open","ping_status":"closed","sticky":false,"template":"","format":"standard","meta":{"activitypub_content_warning":"","activitypub_content_visibility":"","activitypub_max_image_attachments":3,"activitypub_interaction_policy_quote":"anyone","activitypub_status":"federated","footnotes":""},"categories":[1],"tags":[11,74,78,13],"class_list":["post-8171","post","type-post","status-publish","format-standard","hentry","category-sen-categoria","tag-historia","tag-o-teson","tag-participacion","tag-politica"],"_links":{"self":[{"href":"https:\/\/blogs.amarinha.gal\/ribadeando\/wp-json\/wp\/v2\/posts\/8171","targetHints":{"allow":["GET"]}}],"collection":[{"href":"https:\/\/blogs.amarinha.gal\/ribadeando\/wp-json\/wp\/v2\/posts"}],"about":[{"href":"https:\/\/blogs.amarinha.gal\/ribadeando\/wp-json\/wp\/v2\/types\/post"}],"author":[{"embeddable":true,"href":"https:\/\/blogs.amarinha.gal\/ribadeando\/wp-json\/wp\/v2\/users\/3"}],"replies":[{"embeddable":true,"href":"https:\/\/blogs.amarinha.gal\/ribadeando\/wp-json\/wp\/v2\/comments?post=8171"}],"version-history":[{"count":0,"href":"https:\/\/blogs.amarinha.gal\/ribadeando\/wp-json\/wp\/v2\/posts\/8171\/revisions"}],"wp:attachment":[{"href":"https:\/\/blogs.amarinha.gal\/ribadeando\/wp-json\/wp\/v2\/media?parent=8171"}],"wp:term":[{"taxonomy":"category","embeddable":true,"href":"https:\/\/blogs.amarinha.gal\/ribadeando\/wp-json\/wp\/v2\/categories?post=8171"},{"taxonomy":"post_tag","embeddable":true,"href":"https:\/\/blogs.amarinha.gal\/ribadeando\/wp-json\/wp\/v2\/tags?post=8171"}],"curies":[{"name":"wp","href":"https:\/\/api.w.org\/{rel}","templated":true}]}}