{"id":8169,"date":"2010-11-18T08:05:00","date_gmt":"2010-11-18T07:05:00","guid":{"rendered":""},"modified":"2024-11-12T14:52:18","modified_gmt":"2024-11-12T13:52:18","slug":"20101115-pleno-iii","status":"publish","type":"post","link":"https:\/\/blogs.amarinha.gal\/ribadeando\/2010\/11\/18\/20101115-pleno-iii\/","title":{"rendered":"20101115, pleno (III)"},"content":{"rendered":"<p>Despois das d\u00faas <a href=\"http:\/\/ribadeando.blogspot.com\/2010\/11\/20101115-pleno-longo-ii.html\">entradas anteriores sobre o pleno<\/a> e o inciso <a href=\"http:\/\/ribadeando.blogspot.com\/2010\/11\/un-momento-pero-non-habia-vidrieiras-ai.html\">sobre as vidrieiras da capela do cemiterio<\/a>, unha curta para non perder o f\u00edo do pleno de luns.<\/p>\n<p>O punto 5\u00ba da orde do d\u00eda era relativo \u00e1 aprobaci\u00f3n do convenio con ACISA 2011-2013, que sup\u00f3n 12 000 \u20ac\/ano e que incl\u00fae cousas diversas (pareceume que mesmo se nomeou un &#8216;plan sobre o ru\u00eddo&#8217;, pero non poder\u00eda asegurar que entendera ben). Naturalmente, foi feito a partires dunha comisi\u00f3n mixta, e os grupos votaron de xeito un\u00e1nime.<\/p>\n<p><a href=\"https:\/\/blogger.googleusercontent.com\/img\/b\/R29vZ2xl\/AVvXsEiEB7dEEn1EbRaxvgaDw0NDmlePD-oxVIsogicdgV_wZXrmtxZSG6eZROJ8fn8n5XHmfdq3L50XshB-C-wmk9Nh7pawcda2uudJagQlLtbshe4Z8tIa4ORFtVvhe0_0q4irdgBZyg\/s2048\/A+ponte+de+Arante_detalle.jpg\" onblur=\"try {parent.deselectBloggerImageGracefully();} catch(e) {}\"><img decoding=\"async\" alt=\"\" src=\"https:\/\/blogger.googleusercontent.com\/img\/b\/R29vZ2xl\/AVvXsEiEB7dEEn1EbRaxvgaDw0NDmlePD-oxVIsogicdgV_wZXrmtxZSG6eZROJ8fn8n5XHmfdq3L50XshB-C-wmk9Nh7pawcda2uudJagQlLtbshe4Z8tIa4ORFtVvhe0_0q4irdgBZyg\/s2048\/A+ponte+de+Arante_detalle.jpg\" \/><\/a><\/p>\n<p><a href=\"https:\/\/blogger.googleusercontent.com\/img\/b\/R29vZ2xl\/AVvXsEiGJDfH38h86R-mtyyh3hMT9hQlIF5dj_RtTzb7w6kidLsPqI3vTgNVdsBLSBswUyTABsMqm6LgxaRqJHLQc3EqVEaf3q1ySqAHYqbPL-gc4T-jS4asbqnK5upkpqe0-d1oRI_nyg\/s2048\/A+ponte+de+Arante.jpg\" onblur=\"try {parent.deselectBloggerImageGracefully();} catch(e) {}\"><img decoding=\"async\" alt=\"\" src=\"https:\/\/blogger.googleusercontent.com\/img\/b\/R29vZ2xl\/AVvXsEiGJDfH38h86R-mtyyh3hMT9hQlIF5dj_RtTzb7w6kidLsPqI3vTgNVdsBLSBswUyTABsMqm6LgxaRqJHLQc3EqVEaf3q1ySqAHYqbPL-gc4T-jS4asbqnK5upkpqe0-d1oRI_nyg\/s2048\/A+ponte+de+Arante.jpg\" \/><\/a><\/p>\n<p>O seguinte punto foi o apoio dunha reclamaci\u00f3n conxunta para a urxente reparaci\u00f3n da Ponte de Arante. Despois do cacao medi\u00e1tico que se montou dende hai alg\u00fan tempo sobre se era pertinente unha reconstrucci\u00f3n ou tirala e voltala a constru\u00edr, se un vano ou dous, se incumpr\u00eda en relaci\u00f3n a augas de Galicia ou \u00f3 Cami\u00f1o de Santiago que pasa por ela, se se est\u00e1n a facer as cousas r\u00e1pido ou polo contrario se po\u00f1en atrancos, etc, non foi novidade o tratamento que recibiu no pleno. UPRi opinou que o texto debera estar nunha orla (a entender que foi dito de xeito sat\u00edrico, non de louvanza), PSOE, que a culpa \u00e9 da xunta, con departamentos que nn se po\u00f1en de acordo, PP, que a redacci\u00f3n era po\u00e9tica e que a alcald\u00eda non fixera nada ata o momento, e distinguiu o portavoz entre a figura do representante de cultura da Xunta na Provincia e o concelleiro portavoz do PP, que coinciden en persoa pero que, \u00f3 visto, act\u00faan de xeito independente e sen ter, por exemplo, un \u00f3s datos \u00f3s que accede o outro a ra\u00edz do seu cargo. Alegou o BNG a defensa dos intereses do pobo, e que non ti\u00f1a tanta &#8216;literatura&#8217;, pero que se pod\u00eda quitar. A cousa non colou quitando a literatura e quedou a votaci\u00f3n cos 4 do BNG a favor, 2 de UPRi abst\u00e9ndose e 7 de PP e PSOE en contra, co que non prosperou.<\/p>\n","protected":false},"excerpt":{"rendered":"<p>Despois das d\u00faas entradas anteriores sobre o pleno e o inciso sobre as vidrieiras da capela do cemiterio, unha curta para non perder o f\u00edo do pleno de luns. O punto 5\u00ba da orde do d\u00eda era relativo \u00e1 aprobaci\u00f3n do convenio con ACISA 2011-2013, que sup\u00f3n 12 000 \u20ac\/ano e que incl\u00fae cousas diversas [&hellip;]<\/p>\n","protected":false},"author":3,"featured_media":0,"comment_status":"open","ping_status":"closed","sticky":false,"template":"","format":"standard","meta":{"activitypub_content_warning":"","activitypub_content_visibility":"","activitypub_max_image_attachments":3,"activitypub_interaction_policy_quote":"anyone","activitypub_status":"federated","footnotes":""},"categories":[1],"tags":[98,42],"class_list":["post-8169","post","type-post","status-publish","format-standard","hentry","category-sen-categoria","tag-acisa","tag-plenos"],"_links":{"self":[{"href":"https:\/\/blogs.amarinha.gal\/ribadeando\/wp-json\/wp\/v2\/posts\/8169","targetHints":{"allow":["GET"]}}],"collection":[{"href":"https:\/\/blogs.amarinha.gal\/ribadeando\/wp-json\/wp\/v2\/posts"}],"about":[{"href":"https:\/\/blogs.amarinha.gal\/ribadeando\/wp-json\/wp\/v2\/types\/post"}],"author":[{"embeddable":true,"href":"https:\/\/blogs.amarinha.gal\/ribadeando\/wp-json\/wp\/v2\/users\/3"}],"replies":[{"embeddable":true,"href":"https:\/\/blogs.amarinha.gal\/ribadeando\/wp-json\/wp\/v2\/comments?post=8169"}],"version-history":[{"count":0,"href":"https:\/\/blogs.amarinha.gal\/ribadeando\/wp-json\/wp\/v2\/posts\/8169\/revisions"}],"wp:attachment":[{"href":"https:\/\/blogs.amarinha.gal\/ribadeando\/wp-json\/wp\/v2\/media?parent=8169"}],"wp:term":[{"taxonomy":"category","embeddable":true,"href":"https:\/\/blogs.amarinha.gal\/ribadeando\/wp-json\/wp\/v2\/categories?post=8169"},{"taxonomy":"post_tag","embeddable":true,"href":"https:\/\/blogs.amarinha.gal\/ribadeando\/wp-json\/wp\/v2\/tags?post=8169"}],"curies":[{"name":"wp","href":"https:\/\/api.w.org\/{rel}","templated":true}]}}