{"id":8167,"date":"2010-11-19T07:25:00","date_gmt":"2010-11-19T06:25:00","guid":{"rendered":""},"modified":"2024-11-12T14:52:14","modified_gmt":"2024-11-12T13:52:14","slug":"imposibilidade-matematica","status":"publish","type":"post","link":"https:\/\/blogs.amarinha.gal\/ribadeando\/2010\/11\/19\/imposibilidade-matematica\/","title":{"rendered":"Imposibilidade matem\u00e1tica"},"content":{"rendered":"<p>Hai tempos, xa o te\u00f1o comentado algunha vez no blog, no que os temas acum\u00falanse e \u00e9 imposible tratalos de xeito adecuado, calmo, e cun m\u00ednimo de profundidade. As\u00ed, nesta entrada, non \u00e9 que te\u00f1a que deixar a presentaci\u00f3n do<a href=\"http:\/\/ribadeando.blogspot.com\/2010\/11\/facendo-historia-sobre-vilaselan.html\"> libro sobre Vilasel\u00e1n<\/a> que hai esta tarde na Casa das Letras, ou que volva a discontinuar o <a href=\"http:\/\/ribadeando.blogspot.com\/2010\/11\/20101115-pleno-iii.html\">seguemento do \u00faltimo pleno<\/a>, sen\u00f3n que mesmo un tema iniciado onte, o das<a href=\"http:\/\/ribadeando.blogspot.com\/2010\/11\/un-momento-pero-non-habia-vidrieiras-ai.html\"> vidrieiras<\/a>, queda polo momento aparcado despois de colgar algunha foto m\u00e1is (pero non todas nin moito menos), ou que non sexa tratado o tema dos roubos \u00faltimos pola zona.<br \/>\nResulta que o Concello voltou a perder outro pleito m\u00e1is. Non sigo o n\u00famero de pleitos que perde o concello, pero parece que porcentualmente, a cantidade ach\u00e9gase \u00f3 100% dende hai unha boa tempada. \u00c9 dicir, \u00e1 perda de todos os que manexa. Coa pouca informaci\u00f3n que sae do concello sobre alg\u00fans temas, pode que non sexa o 100% do resultado final dos contenciosos, sen\u00f3n que se quede nunha porcentaxe inferior, pero en todo caso, coido que conv\u00e9n facer algunha reflexi\u00f3n.<br \/>\nO que onte sa\u00edu na prensa sobre o resultado xudicial para o <a href=\"http:\/\/www.lavozdegalicia.es\/amarina\/2010\/11\/18\/0003_8855712.htm\">pago de 47 000\u20ac \u00f3s comuneros de Ove en relaci\u00f3n \u00f3s terreos de punto limpo<\/a> e o resultado de hai pouco tempo en relaci\u00f3n \u00e1 <a href=\"http:\/\/cargadoiro.blogcindario.com\/2010\/10\/00320-el-concejo-de-ribadeo-frente-a-la-crisis.html\">contrataci\u00f3n\/despido dunha profesora de piano<\/a> son s\u00f3 os \u00faltimos temas nos que se repite a cuesti\u00f3n, por m\u00e1is que entre os dous a cousa ronde os 100 000 \u20ac. Non \u00e9 s\u00f3 que se te\u00f1a raz\u00f3n ou non, que non ter raz\u00f3n en ning\u00fan caso non parece moi l\u00f3xico cando se multiplican os casos (e que conste que como todo o mundo sabe, na d\u00e9cada pasada te\u00f1o ganado varios contenciosos \u00f3 concello). \u00c9 que tam\u00e9n sabe todo o mundo que non todos os xu\u00edces opinan igual nin te\u00f1en a mesma interpretaci\u00f3n das leis nin dos feitos, o que fai \u00e1s veces sa\u00edr sentenzas que son noticia precisamente polas interpretaci\u00f3ns legais incomprensibles &#8216;dende  f\u00f3ra&#8217;, o que fai predicir que mesmo o que non deber\u00eda ser hai avogados que o aproveitan con uns ou outros xu\u00edces e polo tanto, estat\u00edsticamente, o resultado de 100% de casos perdidos, a\u00ednda que non se te\u00f1a raz\u00f3n nunca, \u00e9 imposible.<br \/>\nPois a isa imposibilidade se est\u00e1 achegando Ribadeo, e \u00e9 cousa de preguntarse que pasa para que eso ocorra.<\/p>\n","protected":false},"excerpt":{"rendered":"<p>Hai tempos, xa o te\u00f1o comentado algunha vez no blog, no que os temas acum\u00falanse e \u00e9 imposible tratalos de xeito adecuado, calmo, e cun m\u00ednimo de profundidade. As\u00ed, nesta entrada, non \u00e9 que te\u00f1a que deixar a presentaci\u00f3n do libro sobre Vilasel\u00e1n que hai esta tarde na Casa das Letras, ou que volva a [&hellip;]<\/p>\n","protected":false},"author":3,"featured_media":0,"comment_status":"open","ping_status":"closed","sticky":false,"template":"","format":"standard","meta":{"activitypub_content_warning":"","activitypub_content_visibility":"","activitypub_max_image_attachments":3,"activitypub_interaction_policy_quote":"anyone","activitypub_status":"federated","footnotes":""},"categories":[1],"tags":[9],"class_list":["post-8167","post","type-post","status-publish","format-standard","hentry","category-sen-categoria","tag-sociedade"],"_links":{"self":[{"href":"https:\/\/blogs.amarinha.gal\/ribadeando\/wp-json\/wp\/v2\/posts\/8167","targetHints":{"allow":["GET"]}}],"collection":[{"href":"https:\/\/blogs.amarinha.gal\/ribadeando\/wp-json\/wp\/v2\/posts"}],"about":[{"href":"https:\/\/blogs.amarinha.gal\/ribadeando\/wp-json\/wp\/v2\/types\/post"}],"author":[{"embeddable":true,"href":"https:\/\/blogs.amarinha.gal\/ribadeando\/wp-json\/wp\/v2\/users\/3"}],"replies":[{"embeddable":true,"href":"https:\/\/blogs.amarinha.gal\/ribadeando\/wp-json\/wp\/v2\/comments?post=8167"}],"version-history":[{"count":0,"href":"https:\/\/blogs.amarinha.gal\/ribadeando\/wp-json\/wp\/v2\/posts\/8167\/revisions"}],"wp:attachment":[{"href":"https:\/\/blogs.amarinha.gal\/ribadeando\/wp-json\/wp\/v2\/media?parent=8167"}],"wp:term":[{"taxonomy":"category","embeddable":true,"href":"https:\/\/blogs.amarinha.gal\/ribadeando\/wp-json\/wp\/v2\/categories?post=8167"},{"taxonomy":"post_tag","embeddable":true,"href":"https:\/\/blogs.amarinha.gal\/ribadeando\/wp-json\/wp\/v2\/tags?post=8167"}],"curies":[{"name":"wp","href":"https:\/\/api.w.org\/{rel}","templated":true}]}}