{"id":8160,"date":"2010-11-29T07:32:00","date_gmt":"2010-11-29T06:32:00","guid":{"rendered":""},"modified":"2024-11-12T14:51:57","modified_gmt":"2024-11-12T13:51:57","slug":"brutalidades-por-pancho-campos","status":"publish","type":"post","link":"https:\/\/blogs.amarinha.gal\/ribadeando\/2010\/11\/29\/brutalidades-por-pancho-campos\/","title":{"rendered":"Brutalidades &#8230; por Pancho Campos"},"content":{"rendered":"<p>(Publicado na comarca del Eo o 20101127 (en conexi\u00f3n coa <a href=\"http:\/\/o-teson.blogspot.com\/2010\/11\/nota-de-prensa-sobre-as-vidrieiras-do.html\">nota de prensa de O Tes\u00f3n<\/a> e con &#8220;<a href=\"http:\/\/ribadeando.blogspot.com\/2010\/11\/un-momento-pero-non-habia-vidrieiras-ai.html\">Un momento, pero &#8230; non hab\u00eda vidrieiras a\u00ed?<\/a>&#8220;)<\/p>\n<p>BRUTALIDADES PATRIMONIALES<\/p>\n<p>Ribadeo, un pobo sensato, eminentemente liberal&#8230; arrastra desde s\u00e9culos os errores dos gobernos municipales, producto de un tino pouco t\u00e1ctico no manexo dos negocios p\u00fablicos. De ningunha das maneiras, todo hai que decilo, nacido das pasi\u00f3ns punibles do enriquecemento propio. A cuesti\u00f3n sempre \u00e9 liviana sobre a conciencia, non ofrece grave consideraci\u00f3n, nada se sale da \u00f3rbita do autorizado.<\/p>\n<p>Os individuos, adoptan medidas en circunstancias de poder decisorio&#8230; e ent\u00f3n, algunhas veces, xurden as brutalidades sobre o patrimonio hist\u00f3rico, medidas propias do bruto, do necio, do incapaz, do bobo, do est\u00fapido, do lerdo, do insensato, do que se fai de maneira torpe e sin raz\u00f3n. Si se obrara de mala f\u00e9, utilizar\u00edase a maldade, a sa\u00f1a e a crueldade para destruir. Pero non, sempre se obra de boa fe, e ent\u00f3n, entra en xogo a torpeza e a insensatez, que son pais da sin raz\u00f3n, acunada pola falta de cultura e da deficiente preparaci\u00f3n pr\u00e1ctica e te\u00f3rica dos individuos que te\u00f1en que levar adiante as ideas.<\/p>\n<p>Os que somos afectos as \u201cantiguallas ribadenses\u201d, vemos que hai claros exemplos das brutalidades que hist\u00f3ricamente se cometeron contra do patrimonio veci\u00f1al. Escollendo entre os m\u00e1is sangrantes exemplos deste tipo de brutalidade sin raz\u00f3n e de incapacidade, relemos datos pr\u00f3ximos da memoria do s\u00e9culo XIX:<\/p>\n<p>1) Cando se decide non rematar a obra da Colexiata, a canter\u00eda dos sillares esculpidos das columnatas, as l\u00e1pidas blasonadas que eran testimonio vivo da her\u00e1ldica rexional, pezas \u00fanicas, dignas de figurar en calquera museo argueol\u00f3xico provincial ou nacional, pasan a ser escombro, e a facer parte do relleno da rampa do muelle de Figueirua, e outros sillares, que a\u00ednda hab\u00eda acumulados a finales do XIX, son utilizados para paredar por dentro os t\u00faneles da v\u00eda do tren de Vilaudriz. En \u201cLa Comarca del Eo\u201d hai varios artigos de Juan Carlos Paraje Manso e de C\u00e1ndido Sanjurjo nos que se fala desta barbarie.<\/p>\n<p>2) Cando se quer facer a Torre dos Moreno, destr\u00faese a Torre Julia e todos os restos de escudos e pend\u00f3ns de armas dos Condes de Ribadeo, restos de cousas curiosas de \u201carmer\u00edas\u201d: picas, cuchillos en forma de escramasaj\u00f3n, lanzas, ballestas, plumadas, dagas, partesanas, mazas, etc. (Bibl. Miguel G. Teijeiro, Ribadeo Hist\u00f3rico Monumental y Diplom\u00e1tico, 1914)<\/p>\n<p>3) Cando se repara o tellado da Casa do Concello, s\u00e9culo XX, anos oitenta, no medio dos escombros da obra, vanse centos de p\u00e1xinas do arquivo hist\u00f3rico municipal: actas de plenos, de goberno, de c\u00e9dulas de sangre, etc.<\/p>\n<p>Pois ben, con moita tristura, sin ningunha esperanza e de moi mala gana de decir esto, vamos espo\u00f1er os nosos veci\u00f1os o seguinte resumen:<\/p>\n<p>O d\u00eda 16 de novembro pola tarde, chega a directiva do Tes\u00f3n, a denuncia de un ribadense, que nos manda ir mirar, para que vexamos de primeira man, que se destruiron as vidrieras emplomadas da capela do Cementerio Municipal, que est\u00e1 en obras de \u201crestauraci\u00f3n\u201d.<\/p>\n<p>Salimos inmediatamente investigar o que pasa, e unha vez visto que non queda nada das vidrieiras nos ventanales, tratamos de po\u00f1er en co\u00f1ecemento do caso, os membros competentes do Concello, esto \u00e9, o alcalde, co que non puidemos contactar por estar en Barcelona, na presentaci\u00f3n do libro \u201cLeopoldo Calvo-Sotelo Un retrato intelectual\u201d, e dado que xa era moi tarde, contactamos o d\u00eda seguinte con Horacio Cupeiro, na Casa do Concello. Este non se deixou esperar, e con premura, investiga, e encontra que as vidrieras. Desapareceran entre o escombro das obras. Est\u00e1n tiradas nun contenedor de lixo na parte de atr\u00e1s do cementerio, entre flores marchitas, restos de coroas de difuntos, trozos de maceteiros de barro, de pl\u00e1sticos e porcelanas diversas. Sete vidrieras desfeitas, desfietas no lixo, menos unha enteira, \u201cmilagrosamente\u201d coa que unha persoa culta se hab\u00eda quedado, por que lle dera pena velas destruir. \u00a1Que pena que non fora o maestro de obras esta persoa precisamente culta!!! \u00bfcomo puido, un individuo con dito cargo, e para m\u00e1is inri jefe de unha Escola Taller, mandar facer tal desfeita? Seguramente, porque nin \u00e9 maestro, nin por suposto de obras&#8230; quizais de demolici\u00f3ns&#8230; e con posto de mando que&#8230; \u00a1a saber! <\/p>\n<p>Por outra banda \u00bfdonde est\u00e1 o informe do arquitecto do Concello, que ten que supervisar ditas obras de remodelaci\u00f3n? \u00bfest\u00e1 en este informe do arquitecto, previo a obra, que as vidrieras te\u00f1en que ser sustituidas por marcos de angular de alumnio e paneles de cristal transparente, como est\u00e1n na actualidade? \u00a1Pois \u00e9 o que nos faltaba&#8230; que puxera esto o informe!<\/p>\n<p>As vidrieiras \u201ceran emplomadas\u201d, de arte decorativa vanguardista, posmodernista, cuxa fonte de inspiraci\u00f3n posiblemente foi o art Noveau nacido a partires da Exposici\u00f3n de 1867, pola influencia oriental, especialmente da arte xaponesa para pezas de interior, son vidrieiras cuasi Art Decc\u00f3 que rompe co pasado xeom\u00e9trico cl\u00e1sico, que por aqueles tempos se fai patente en obras de incrustaci\u00f3ns de nacar en taracea de madeira, esmaltes de formas e consecuci\u00f3ns variad\u00edsimas, en cristales opalescentes que cada un por si mesmo \u00e9 unha obra de arte, unha xoia, ese tipo de obra que destaca precisamente desde 1925 a 1935. <\/p>\n<p>As vidrieras feitas en cristales de colores, elaborados a mao, presentan ondulaci\u00f3ns nas caras, ou sexa, nos son de cristal laminado como os de uso corriente, estan te\u00f1idos de forma esquisita coa t\u00e9cnica \u201cgris-humo\u201d coa que se fan as plantillas das flores, das follas de acantos, das figuras da iconograf\u00eda. Posiblemente estaban elaboradas polos mesmos artesanos que lograron as decoraci\u00f3ns relevantes das cristaleras do palacio dos Moreno, o edificio ma\u00eds emblem\u00e1tico de Ribadeo, obra a punto de ser destru\u00edda, encargada tam\u00e9n polos irmans Moreno Ulloa, que ti\u00f1an un gusto refinado e cartos dabondo como para facer as cousas ben, moi ben, e a decoraci\u00f3n da s\u00faa capela no cimenterio de Ribadeo, data de 1932, con iconograf\u00eda distinta en cada vidrieira, coa pasi\u00f3n de Cristo, posiblemente firmada (non apreciamos este detalle, de momento, nos restos que puidemos revisar no carretillo do escombro)<\/p>\n<p>E nos pregunt\u00e1monos si algu\u00e9n se estar\u00e1 a dar conta, que de ningunha das maneiras que sexan, se poder\u00e1 recuperar o destruido&#8230; \u00bfcomo \u00e9 posible que fosen a totalidade das oito vidrieiras, mandadas tirar o lixo&#8230;? \u00a1nin unha&#8230; nin d\u00faas&#8230; que estiveran mal, non, as oito&#8230;! \u00a1que barbaridade.. que brutalidade! \u00a1como pode haber xente con tan pouca cabeci\u00f1a en postos relevantes!<\/p>\n<p>Este \u00e9 o derradeiro caso, triste \u00e9 sangrante contra do noso patrimonio, un feito m\u00e1is, da malfunci\u00f3n administrativa, co que se perde outro anaco de patrimonio doado por Se\u00f1ores Veci\u00f1os, por Se\u00f1ores de Ribadeo que tiveron que emigrar para traernos un raio de luz o pobo, un patrimonio que queda destru\u00eddo para sempre&#8230;. s\u00f3 nos quedan mostras da grandeza das doaz\u00f3ns, nos libros, e nalg\u00fan vestixio orixinal, como son, neste caso, as vidrieiras emplomadas dos \u201croset\u00f3ns-crism\u00f3ns\u201d da capela&#8230; \u00a1que pena&#8230; que pena, que despilfarro!!! Pero alg\u00faen ten que responsabilizarse de todo esto, algu\u00e9n ten pagar este desprop\u00f3sito, non se poden marchar todos os actores de rositas, e facer como que que aqu\u00ed non pasou nada&#8230; non&#8230;.aqu\u00ed pasou moito, e hai que depurar responsabilidades, sin lugar a dudas: maestro de obras, arquitecto municipal, o alcalde, a corporaci\u00f3n municipal en pleno, etc. todos son responsables, ou sinon que nos expliquen \u00bfqu\u00e9n \u00e9 o responsable? <\/p>\n<p>\u00c9 imprescindible e urxente, o meu entender, que debe crearse unha Oficina Municipal de Inventario Patrimonial, con reportaxes fotogr\u00e1ficos, de todo canto \u00e9 de dominio e patrimonio p\u00fablico (sin excepci\u00f3n), para que cada vez que alguen toque algo, haxa constancia do orixinal, para en caso de necesidade, podelo reconstruir ou pedir contas do que se fixo&#8230;. non podemos seguir en maos de unha administraci\u00f3n patrimonional irrelevante, impersonal e de sentimentos de pl\u00e1stico, sin ningun sentido ribadense&#8230; de caracter nacional, supramunicipal, que deixa hormigonar os cimentos da capela da Atalia, unha capela do s\u00e9culo XII de Ribadeo; que deixa construir un ascensor sobre unha das mellores vistas panor\u00e1micas da R\u00eda de Ribadeo, e que da \u00f3rdes para facer recheos de escombro para construir unha escollera sobre o maior xacemento arqueol\u00f3xico submarino de toda a R\u00eda e de valor inapreciado, de unha administraci\u00f3n extra\u00f1a a nosa terra, que xa no seu d\u00eda deixou escombrar as entradas da Cova da Vella e da Cova dos Sete Encantos, a praia de Cabanela, a das Arenas e a de Lino, etc. etc.<\/p>\n<p>Quero terminar con unha reflexi\u00f3n de esperanza, esto \u00e9, que aquela carretilla que eu fotografiei, chea de esqueletos de plomo e cachi\u00f1os de cristales tallados e decorados das vidrieiras, sexa conservada impoluta, e a bon recaudo, ata ver quen ser\u00e1 o encargado, maestro en arte de vidrieiras, que se faga cargo de tama\u00f1o puzzle e da remodelaci\u00f3n das mesmas. O costo da obra, seguramente ser\u00e1 moi alto&#8230; veremos de onde se saca agora a \u201csubvenci\u00f3n\u201d para pagar o estropicio&#8230; \u00a1porque ama\u00f1ar hai que ama\u00f1alo&#8230;!<\/p>\n<p>pancho campos<\/p>\n","protected":false},"excerpt":{"rendered":"<p>(Publicado na comarca del Eo o 20101127 (en conexi\u00f3n coa nota de prensa de O Tes\u00f3n e con &#8220;Un momento, pero &#8230; non hab\u00eda vidrieiras a\u00ed?&#8220;) BRUTALIDADES PATRIMONIALES Ribadeo, un pobo sensato, eminentemente liberal&#8230; arrastra desde s\u00e9culos os errores dos gobernos municipales, producto de un tino pouco t\u00e1ctico no manexo dos negocios p\u00fablicos. De ningunha [&hellip;]<\/p>\n","protected":false},"author":3,"featured_media":0,"comment_status":"open","ping_status":"closed","sticky":false,"template":"","format":"standard","meta":{"activitypub_content_warning":"","activitypub_content_visibility":"","activitypub_max_image_attachments":3,"activitypub_interaction_policy_quote":"anyone","activitypub_status":"federate","footnotes":""},"categories":[1],"tags":[10,74,46,9,58],"class_list":["post-8160","post","type-post","status-publish","format-standard","hentry","category-sen-categoria","tag-cultura","tag-o-teson","tag-pancho-campos","tag-sociedade","tag-torre-dos-moreno"],"_links":{"self":[{"href":"https:\/\/blogs.amarinha.gal\/ribadeando\/wp-json\/wp\/v2\/posts\/8160","targetHints":{"allow":["GET"]}}],"collection":[{"href":"https:\/\/blogs.amarinha.gal\/ribadeando\/wp-json\/wp\/v2\/posts"}],"about":[{"href":"https:\/\/blogs.amarinha.gal\/ribadeando\/wp-json\/wp\/v2\/types\/post"}],"author":[{"embeddable":true,"href":"https:\/\/blogs.amarinha.gal\/ribadeando\/wp-json\/wp\/v2\/users\/3"}],"replies":[{"embeddable":true,"href":"https:\/\/blogs.amarinha.gal\/ribadeando\/wp-json\/wp\/v2\/comments?post=8160"}],"version-history":[{"count":0,"href":"https:\/\/blogs.amarinha.gal\/ribadeando\/wp-json\/wp\/v2\/posts\/8160\/revisions"}],"wp:attachment":[{"href":"https:\/\/blogs.amarinha.gal\/ribadeando\/wp-json\/wp\/v2\/media?parent=8160"}],"wp:term":[{"taxonomy":"category","embeddable":true,"href":"https:\/\/blogs.amarinha.gal\/ribadeando\/wp-json\/wp\/v2\/categories?post=8160"},{"taxonomy":"post_tag","embeddable":true,"href":"https:\/\/blogs.amarinha.gal\/ribadeando\/wp-json\/wp\/v2\/tags?post=8160"}],"curies":[{"name":"wp","href":"https:\/\/api.w.org\/{rel}","templated":true}]}}