{"id":8159,"date":"2010-11-30T07:33:00","date_gmt":"2010-11-30T06:33:00","guid":{"rendered":""},"modified":"2024-11-12T14:51:56","modified_gmt":"2024-11-12T13:51:56","slug":"marquesado-renovado-ria-de-ribadeo","status":"publish","type":"post","link":"https:\/\/blogs.amarinha.gal\/ribadeando\/2010\/11\/30\/marquesado-renovado-ria-de-ribadeo\/","title":{"rendered":"Marquesado renovado: R\u00eda de Ribadeo"},"content":{"rendered":"<p>Unha nota que parece s\u00f3 atinguir \u00f3s ribadenses: o marquesado de Ribadeo xa pasou, v\u00eda BOE, \u00f3 fillo maior de Leopoldo Calvo-Sotelo y Bustelo, Leopoldo Calvo-Sotelo Ib\u00e1\u00f1ez-Mart\u00edn, novo Marque\u015b de &#8216;la r\u00eda de Ribadeo&#8217;. As\u00ed temos un t\u00edtulo nobiliario que fai honra \u00f3 nome oficial da r\u00eda, denostado en moitos lugares. O irm\u00e1n do novo Marqu\u00e9s, Juan, \u00e9 pol\u00edtico en Castropol, e \u00e9 certo que non ti\u00f1a lembrado escoitarlle ou lerlle outro nome para a r\u00eda, pero tampouco o de r\u00eda de Ribadeo. Por iso fixen unha procura en internet, e atopo que hai veces que bordea o tema, pero hai algunha que vai \u00e1s claras, como nesta entrevista, onde non pode escorrer unha pregunta direita ainda que o intenta:<br \/>\n&#8220;<span style=\"font-style: italic;\">-\u00bfR\u00eda del Eo o de Ribadeo? <\/span><br \/>\n<span style=\"font-style: italic;\">-Otro asunto que no deber\u00eda ser un conflicto, pero lo es. Es una pol\u00e9mica inventada, artificial. Cuando era alcalde y como portavoz del PP siempre he dicho r\u00eda del Eo, por respeto a mis vecinos. La abuela de mi mujer, que es asturiana y tiene 95 a\u00f1os, siempre dice r\u00eda del Eo. Soy consciente de que en el lado asturiano de la r\u00eda se ha dicho desde hace much\u00edsimo tiempo r\u00eda del Eo. Al final el conflicto lo zanj\u00f3 una comisi\u00f3n geogr\u00e1fica en Madrid. Naturalmente hay que reconocer un derecho a los habitantes de esta zona a llamar a la r\u00eda como r\u00eda del Eo, lo que ya es m\u00e1s discutible es que esa denominaci\u00f3n deba ir en las cartas n\u00e1uticas. Esa batalla no sali\u00f3 bien, pero eso no impide que coexistan ambas denominaciones.<\/span> &#8221; (<a href=\"http:\/\/www.lne.es\/asturias\/2009\/08\/30\/cascos-ganas-politica-seria-error-sacarlo-bailar\/801733.html\">La Nueva Espa\u00f1a<\/a>)<br \/>\nAs\u00ed pois, ser\u00e1 pola clara postura de La Nueva Espa\u00f1a en contra do nome oficial de r\u00eda de Ribadeo, pero o caso \u00e9 que na nota o irm\u00e1n do Marqu\u00e9s da r\u00eda de Ribadeo opta por algo que poderiamos chamar &#8216;cooficialidade matizada&#8217;, con repetici\u00f3n do top\u00f3nimo rexeitado oficialmente. As\u00ed, segue a aclarar a rengl\u00f3n seguido:<br \/>\n&#8220;<span style=\"font-style: italic;\">-\u00bfA qu\u00e9 atribuye la pol\u00e9mica?<\/span><br \/>\n<span style=\"font-style: italic;\">-El problema se sac\u00f3 pol\u00edticamente de su contexto porque a veces se pretende buscar la identidad en el conflicto. Asturias se ha sentido en la necesidad de hacerse m\u00e1s asturiana reivindicando una denominaci\u00f3n en la que se quitara el nombre de Ribadeo. Como portavoz del PP, hablo de la r\u00eda del Eo, pero a m\u00ed me sale r\u00eda de Ribadeo, aunque en muy pocas ocasiones, porque aqu\u00ed, normalmente, no ponemos apellido cuando se habla de la r\u00eda.<\/span><br \/>\n<span style=\"font-style: italic;\">-El debate se reaviv\u00f3 con el t\u00edtulo nobiliario a su padre.<\/span><br \/>\n<span style=\"font-style: italic;\">-S\u00ed, aunque fue una pol\u00e9mica razonablemente menor. Evidentemente, mi padre, que naci\u00f3 en Madrid y vivi\u00f3 aqu\u00ed, no hab\u00eda dicho en su vida r\u00eda del Eo, como el 95 por ciento de los ribadenses.<\/span>&#8221;<br \/>\nPode chegarse a diversas conclusi\u00f3ns, (Juan Calvo Sotelo, postura mantendo a s\u00faa postura a parte deixa ben \u00e1s claras &#8220;<span style=\"font-style: italic;\">Asturias se ha sentido en la necesidad  de hacerse m\u00e1s asturiana reivindicando una denominaci\u00f3n en la que se  quitara el nombre de Ribadeo<\/span>&#8220;) pero oc\u00f3rreseme unha delas, agora que moitas cousas s emiden por internet: o n\u00famero de veces que sae nas procuras o nome o Eo asociado \u00e1 r\u00eda multipl\u00edcase en cada artigo nesa prensa asturiana.<br \/>\nEn fin, algo que seguir\u00e1. Mentras, xa temos ascensor \u00e1 r\u00eda (Ribadeo) ou nave verde sobre o peirao (porto &#8216;da Veiga&#8217;, Castropol), no que toca \u00e1 beira, e recheos nunha e outra zona da r\u00eda. Seguir\u00e1 isto tam\u00e9n?<\/p>\n","protected":false},"excerpt":{"rendered":"<p>Unha nota que parece s\u00f3 atinguir \u00f3s ribadenses: o marquesado de Ribadeo xa pasou, v\u00eda BOE, \u00f3 fillo maior de Leopoldo Calvo-Sotelo y Bustelo, Leopoldo Calvo-Sotelo Ib\u00e1\u00f1ez-Mart\u00edn, novo Marque\u015b de &#8216;la r\u00eda de Ribadeo&#8217;. As\u00ed temos un t\u00edtulo nobiliario que fai honra \u00f3 nome oficial da r\u00eda, denostado en moitos lugares. O irm\u00e1n do novo [&hellip;]<\/p>\n","protected":false},"author":3,"featured_media":0,"comment_status":"open","ping_status":"closed","sticky":false,"template":"","format":"standard","meta":{"activitypub_content_warning":"","activitypub_content_visibility":"","activitypub_max_image_attachments":3,"activitypub_interaction_policy_quote":"anyone","activitypub_status":"federate","footnotes":""},"categories":[1],"tags":[9],"class_list":["post-8159","post","type-post","status-publish","format-standard","hentry","category-sen-categoria","tag-sociedade"],"_links":{"self":[{"href":"https:\/\/blogs.amarinha.gal\/ribadeando\/wp-json\/wp\/v2\/posts\/8159","targetHints":{"allow":["GET"]}}],"collection":[{"href":"https:\/\/blogs.amarinha.gal\/ribadeando\/wp-json\/wp\/v2\/posts"}],"about":[{"href":"https:\/\/blogs.amarinha.gal\/ribadeando\/wp-json\/wp\/v2\/types\/post"}],"author":[{"embeddable":true,"href":"https:\/\/blogs.amarinha.gal\/ribadeando\/wp-json\/wp\/v2\/users\/3"}],"replies":[{"embeddable":true,"href":"https:\/\/blogs.amarinha.gal\/ribadeando\/wp-json\/wp\/v2\/comments?post=8159"}],"version-history":[{"count":0,"href":"https:\/\/blogs.amarinha.gal\/ribadeando\/wp-json\/wp\/v2\/posts\/8159\/revisions"}],"wp:attachment":[{"href":"https:\/\/blogs.amarinha.gal\/ribadeando\/wp-json\/wp\/v2\/media?parent=8159"}],"wp:term":[{"taxonomy":"category","embeddable":true,"href":"https:\/\/blogs.amarinha.gal\/ribadeando\/wp-json\/wp\/v2\/categories?post=8159"},{"taxonomy":"post_tag","embeddable":true,"href":"https:\/\/blogs.amarinha.gal\/ribadeando\/wp-json\/wp\/v2\/tags?post=8159"}],"curies":[{"name":"wp","href":"https:\/\/api.w.org\/{rel}","templated":true}]}}