{"id":8158,"date":"2010-12-01T07:42:00","date_gmt":"2010-12-01T06:42:00","guid":{"rendered":""},"modified":"2024-11-12T14:51:54","modified_gmt":"2024-11-12T13:51:54","slug":"musica-fai-ruido","status":"publish","type":"post","link":"https:\/\/blogs.amarinha.gal\/ribadeando\/2010\/12\/01\/musica-fai-ruido\/","title":{"rendered":"A m\u00fasica fai ru\u00eddo"},"content":{"rendered":"<p>A\u00ednda est\u00e1 recente o concerto de Sta. Cilla cando sae na prensa unha vista contra o concello por unha querella presentada polo ex-director da escola (\u00e1 que resulta que chegou tarde, fastidiando toda posible argumentaci\u00f3n pola s\u00faa parte) e agora transcende que algu\u00e9n entrou na escola, sen forzar a porta, e fastidiou o instrumental dun profesor, e s\u00f3 iso. Dende <a href=\"http:\/\/www.google.es\/search?num=50&amp;hl=gl&amp;client=firefox-a&amp;hs=k51&amp;rls=com.ubuntu%3Aen-US%3Aunofficial&amp;q=site%3Ahttp%3A%2F%2Fribadeando.blogspot.com+Hern%C3%A1n+Naval&amp;btnG=Buscar\">Hern\u00e1n Naval<\/a> coido que imos polo 7\u00ba director da escola ou da banda en menos de 10 anos (o pr\u00f3ximo ano est\u00e1nse prantexando unha serie de actividades precisamente para levar adiante unha lembranza de Hern\u00e1n) e parece que a m\u00fasica ribadense -secci\u00f3n banda, que a estabilidade da coral \u00e9 envidiable-este\u00f1a de gafe: cando se vai encami\u00f1ando o traballo e v\u00e9ndose resultados, pasa algo que enturbia a labor precendente. Non podo dicir o que, pero algo pasa para que se xunten sorte, mala leche, &#8230; Polo momento, este \u00faltimo episodio non ten por que enturbiar o futuro da banda, pero supo\u00f1o que ter\u00e1 algo que ver con cousas anteriores que poden seguir a actuar&#8230;<\/p>\n","protected":false},"excerpt":{"rendered":"<p>A\u00ednda est\u00e1 recente o concerto de Sta. Cilla cando sae na prensa unha vista contra o concello por unha querella presentada polo ex-director da escola (\u00e1 que resulta que chegou tarde, fastidiando toda posible argumentaci\u00f3n pola s\u00faa parte) e agora transcende que algu\u00e9n entrou na escola, sen forzar a porta, e fastidiou o instrumental dun [&hellip;]<\/p>\n","protected":false},"author":3,"featured_media":0,"comment_status":"open","ping_status":"closed","sticky":false,"template":"","format":"standard","meta":{"activitypub_content_warning":"","activitypub_content_visibility":"","activitypub_max_image_attachments":3,"activitypub_interaction_policy_quote":"anyone","activitypub_status":"federate","footnotes":""},"categories":[1],"tags":[81,51,9],"class_list":["post-8158","post","type-post","status-publish","format-standard","hentry","category-sen-categoria","tag-banda","tag-hernan-naval","tag-sociedade"],"_links":{"self":[{"href":"https:\/\/blogs.amarinha.gal\/ribadeando\/wp-json\/wp\/v2\/posts\/8158","targetHints":{"allow":["GET"]}}],"collection":[{"href":"https:\/\/blogs.amarinha.gal\/ribadeando\/wp-json\/wp\/v2\/posts"}],"about":[{"href":"https:\/\/blogs.amarinha.gal\/ribadeando\/wp-json\/wp\/v2\/types\/post"}],"author":[{"embeddable":true,"href":"https:\/\/blogs.amarinha.gal\/ribadeando\/wp-json\/wp\/v2\/users\/3"}],"replies":[{"embeddable":true,"href":"https:\/\/blogs.amarinha.gal\/ribadeando\/wp-json\/wp\/v2\/comments?post=8158"}],"version-history":[{"count":0,"href":"https:\/\/blogs.amarinha.gal\/ribadeando\/wp-json\/wp\/v2\/posts\/8158\/revisions"}],"wp:attachment":[{"href":"https:\/\/blogs.amarinha.gal\/ribadeando\/wp-json\/wp\/v2\/media?parent=8158"}],"wp:term":[{"taxonomy":"category","embeddable":true,"href":"https:\/\/blogs.amarinha.gal\/ribadeando\/wp-json\/wp\/v2\/categories?post=8158"},{"taxonomy":"post_tag","embeddable":true,"href":"https:\/\/blogs.amarinha.gal\/ribadeando\/wp-json\/wp\/v2\/tags?post=8158"}],"curies":[{"name":"wp","href":"https:\/\/api.w.org\/{rel}","templated":true}]}}