{"id":8156,"date":"2010-12-03T07:20:00","date_gmt":"2010-12-03T06:20:00","guid":{"rendered":""},"modified":"2024-11-12T14:51:51","modified_gmt":"2024-11-12T13:51:51","slug":"importancia-dos-simbolos","status":"publish","type":"post","link":"https:\/\/blogs.amarinha.gal\/ribadeando\/2010\/12\/03\/importancia-dos-simbolos\/","title":{"rendered":"A importancia dos s\u00edmbolos"},"content":{"rendered":"<p><a onblur=\"try {parent.deselectBloggerImageGracefully();} catch(e) {}\" href=\"https:\/\/blogger.googleusercontent.com\/img\/b\/R29vZ2xl\/AVvXsEiPUyR9AyVw4C4AWvjPzW-hT80ba0AzBN3tfhR3TkCD7J-elEKnQ3GiMxtNKgvY9xu66VfflfWM5K95jSeYKr5SxCwa1Vs06dazJEEY_524H1gk8ieaR4amAA8LQezgi8N4eDAWog\/s2048\/logotipo+novacaixagalicia.jpg\"><img decoding=\"async\" src=\"https:\/\/blogger.googleusercontent.com\/img\/b\/R29vZ2xl\/AVvXsEiPUyR9AyVw4C4AWvjPzW-hT80ba0AzBN3tfhR3TkCD7J-elEKnQ3GiMxtNKgvY9xu66VfflfWM5K95jSeYKr5SxCwa1Vs06dazJEEY_524H1gk8ieaR4amAA8LQezgi8N4eDAWog\/s2048\/logotipo+novacaixagalicia.jpg\" alt=\"\" \/><\/a><br \/>\nP\u00f3dese ver en moitos lugares. A\u00ed est\u00e1n as bandeiras, por exemplo, e a s\u00faa imaxe de punta de lanza nacional ou borreguismo, segundo casos. Ou a barreira psicol\u00f3xica dos <a href=\"http:\/\/www.ribadeo.org\/actualidade\/nova.php?id=644&amp;lg=gal\">10 000 en Ribadeo, que despois de ser alimentada para tentar facer dela un l\u00edmite a superar, agora resulta algo a borrar, a desfacer<\/a>&#8230; despois de non ser conseguidos os 17 concelleiros para o pr\u00f3ximo mandato.<br \/>\nVen a conto do novo logotipo de Caixa Galicia, perd\u00f3n, da NovaCaixaGalicia, que viu a ser presentado polo flamante novo xefe da tam\u00e9n nova empresa como correspondendo a d\u00faas velas empuxadas polo vento a traverso do noso mar e a nosa terra. Algo as\u00ed. Leveime unha desilusi\u00f3n pola primeira percepci\u00f3n quetiven, sen saber a interpretaci\u00f3n que quer\u00eda a empresa que se tivera. As\u00ed como a correspondencia coa forma de Galicia na actualidade \u00e9 evidente, vin nela a divisi\u00f3n da terra galega nunha fachada atl\u00e1ntica e un interior verde, separados, marcando unha profunda separaci\u00f3n que non \u00e9 a primeira vez que se deixa ver, pero que as\u00ed queda cristalizada nun s\u00edmbolo. No logo, sup\u00f3nse que para moitos anos, a flamante e potente fachada atl\u00e1ntica vivir\u00e1 simb\u00f3licamente separada dun interior\/oriente minorizado (com\u00e9uselle extensi\u00f3n relativa \u00e1s provincias de Lugo e Ourense na representaci\u00f3n, invertindo as porcentaxes Correspondentes \u00e1 Coru\u00f1a e Pontevedra), verde, e m\u00e1is atrasado. Pode dicirse que \u00e9 cousa de misturar as cores das caixas fusionadas, ou o das velas con vento en popa alegado na interpretaci\u00f3n oficial. Que os feitos se correspondan a isa realidade, e poderase virar para isa interpretaci\u00f3n. Mentras, lamento a outra, a que est\u00e1 exposta m\u00e1is enrriba.<\/p>\n","protected":false},"excerpt":{"rendered":"<p>P\u00f3dese ver en moitos lugares. A\u00ed est\u00e1n as bandeiras, por exemplo, e a s\u00faa imaxe de punta de lanza nacional ou borreguismo, segundo casos. Ou a barreira psicol\u00f3xica dos 10 000 en Ribadeo, que despois de ser alimentada para tentar facer dela un l\u00edmite a superar, agora resulta algo a borrar, a desfacer&#8230; despois de [&hellip;]<\/p>\n","protected":false},"author":3,"featured_media":0,"comment_status":"open","ping_status":"closed","sticky":false,"template":"","format":"standard","meta":{"activitypub_content_warning":"","activitypub_content_visibility":"","activitypub_max_image_attachments":3,"activitypub_interaction_policy_quote":"anyone","activitypub_status":"federated","footnotes":""},"categories":[1],"tags":[21,9],"class_list":["post-8156","post","type-post","status-publish","format-standard","hentry","category-sen-categoria","tag-economia","tag-sociedade"],"_links":{"self":[{"href":"https:\/\/blogs.amarinha.gal\/ribadeando\/wp-json\/wp\/v2\/posts\/8156","targetHints":{"allow":["GET"]}}],"collection":[{"href":"https:\/\/blogs.amarinha.gal\/ribadeando\/wp-json\/wp\/v2\/posts"}],"about":[{"href":"https:\/\/blogs.amarinha.gal\/ribadeando\/wp-json\/wp\/v2\/types\/post"}],"author":[{"embeddable":true,"href":"https:\/\/blogs.amarinha.gal\/ribadeando\/wp-json\/wp\/v2\/users\/3"}],"replies":[{"embeddable":true,"href":"https:\/\/blogs.amarinha.gal\/ribadeando\/wp-json\/wp\/v2\/comments?post=8156"}],"version-history":[{"count":0,"href":"https:\/\/blogs.amarinha.gal\/ribadeando\/wp-json\/wp\/v2\/posts\/8156\/revisions"}],"wp:attachment":[{"href":"https:\/\/blogs.amarinha.gal\/ribadeando\/wp-json\/wp\/v2\/media?parent=8156"}],"wp:term":[{"taxonomy":"category","embeddable":true,"href":"https:\/\/blogs.amarinha.gal\/ribadeando\/wp-json\/wp\/v2\/categories?post=8156"},{"taxonomy":"post_tag","embeddable":true,"href":"https:\/\/blogs.amarinha.gal\/ribadeando\/wp-json\/wp\/v2\/tags?post=8156"}],"curies":[{"name":"wp","href":"https:\/\/api.w.org\/{rel}","templated":true}]}}