{"id":8144,"date":"2010-12-14T07:23:00","date_gmt":"2010-12-14T06:23:00","guid":{"rendered":""},"modified":"2024-11-12T14:51:33","modified_gmt":"2024-11-12T13:51:33","slug":"os-belens-de-ribadeo","status":"publish","type":"post","link":"https:\/\/blogs.amarinha.gal\/ribadeando\/2010\/12\/14\/os-belens-de-ribadeo\/","title":{"rendered":"Os Bel\u00e9ns de Ribadeo"},"content":{"rendered":"<p>Este ano, \u00f3 xa tradicional bel\u00e9n da Terceira Orde, sumar\u00e1nselle outros moitos debido \u00f3 concurso de bel\u00e9ns organizado pola <a href=\"http:\/\/ysearmoelbelen.blogspot.com\/\">Agrupaci\u00f3n Belenista de Ribadeo<\/a> xunto co CCA, a m\u00e1is do propio bel\u00e9n montado por aquela na antiga Casa Maseda (entrada por r\/Villafranca del Bierzo). Non nos deixemos enganar polo t\u00edtulo do seu blog, lembrando a pel\u00edcula de <a href=\"http:\/\/www.donpacomartinezsoria.com\/peliculas\/1969_se_armo.htm\">Paco Mart\u00ednez Soria &#8220;Y se arm\u00f3 el Bel\u00e9n<\/a>&#8220;, pois non ten nada de comedia e si moito de esforzo e ilusi\u00f3n.<br \/>\nA agrupaci\u00f3n belenista xurde a partir dun grupo de xente arredor dos amigos da Semana Santa, constitu\u00edndo un n\u00facleo de persoas activas que xa se involucrou o pasado ver\u00e1n no <a href=\"http:\/\/cursotrellesribadeo.blogspot.com\/\">Curso de ver\u00e1n Luis de Trelles<\/a>. Nunha nova iniciativa, xa est\u00e1 constitu\u00edda a agrupaci\u00f3n, e non s\u00f3 iso, sen\u00f3n que est\u00e1n transformados os locais da antiga Casa Maseda nun conxunto de espazos que te\u00f1en unha secci\u00f3n de recepci\u00f3n, administrativa, almac\u00e9n, taller e agora, bel\u00e9n, que se pode ver direitamente dende a r\u00faa a traverso dos escaparates da antiga tenda ou internamente. Aconsello entrar, para aprezar mellor os detalles de algo que se montou de xeito artesanal fix\u00e1ndose neles, como se pode ver nas imaxes do seu blog, pero tam\u00e9n nunha presentaci\u00f3n correndo \u00e1 beira do propio bel\u00e9n, nas explicaci\u00f3ns dos membros da agrupaci\u00f3n ou nas reproducci\u00f3ns de documentos usados para facer o <a href=\"http:\/\/es.wikipedia.org\/wiki\/Herodi%C3%B3n\">Herodi\u00f3n<\/a> ou o pazo e a cidade de <a href=\"http:\/\/gl.wikipedia.org\/wiki\/Xerusal%C3%A9n\">Xerusal\u00e9n<\/a>, por po\u00f1er dous exemplos. As figuras humanas, de varios tama\u00f1os, contribu\u00edndo \u00e1 perspectiva, son de autor.<br \/>\nA idea \u00e9 non facer un bel\u00e9n repetitivo, sen\u00f3n pensar a construcci\u00f3n do pr\u00f3ximo cando remate esta edici\u00f3n, que como os bel\u00e9ns m\u00e1is tradicionais ser\u00e1 exposta durante dous meses, dende o oito (este ano non puido ser mesmo dende ese d\u00eda) \u00f3 mes de febreiro, coincidindo coa celebraci\u00f3n relixiosa do tempo. \u00c9 dicir, o pr\u00f3ximo ano armarase un bel\u00e9n diferente.<br \/>\nPara esta primeira edici\u00f3n, recibiu a visita e bendici\u00f3n do Bispo da di\u00f3cese o domingo a ra\u00edz de outorgar a confirmaci\u00f3n a un grupo na igrexa parroquial de Santa Mar\u00eda do Campo, como consta nas fotos que tam\u00e9n hai no local. E consta a oferta do grupo para formar m\u00e1is xente que sexa capaz de levar a bo fin a construcci\u00f3n doutros bel\u00e9ns, aspirando a que Ribadeo se integre de pleno na ruta de visita belen\u00edstica.<br \/>\nEn breve verase locer en diversos escaparates de Ribadeo o froito do concurso de bel\u00e9ns, pero, mentras, o tradicional da Terceira Orde xa leva tam\u00e9n montado dende a fin de semana, atendido e explicado, cunha amplitude que o fai candidato \u00e1 s\u00faa visita mesmo por grupos de xente, e con artificio de luces e a &#8216;aparici\u00f3n&#8217; do anxo aproveitando as leis da \u00f3ptica.<br \/>\nEn Ribadeo, se ata o momento hab\u00eda s\u00f3 destacable para o p\u00fablico o bel\u00e9n da Terceira Orde, hai xa unha pequena ruta blenista que tender\u00e1 a aumentar e mellorar, pois est\u00e1 a crear escola.<br \/>\nAs fotos? Algunha deixarei, pero mellor, in situ.<\/p>\n","protected":false},"excerpt":{"rendered":"<p>Este ano, \u00f3 xa tradicional bel\u00e9n da Terceira Orde, sumar\u00e1nselle outros moitos debido \u00f3 concurso de bel\u00e9ns organizado pola Agrupaci\u00f3n Belenista de Ribadeo xunto co CCA, a m\u00e1is do propio bel\u00e9n montado por aquela na antiga Casa Maseda (entrada por r\/Villafranca del Bierzo). Non nos deixemos enganar polo t\u00edtulo do seu blog, lembrando a pel\u00edcula [&hellip;]<\/p>\n","protected":false},"author":3,"featured_media":0,"comment_status":"open","ping_status":"closed","sticky":false,"template":"","format":"standard","meta":{"activitypub_content_warning":"","activitypub_content_visibility":"","activitypub_max_image_attachments":3,"activitypub_interaction_policy_quote":"anyone","activitypub_status":"federated","footnotes":""},"categories":[1],"tags":[10,9],"class_list":["post-8144","post","type-post","status-publish","format-standard","hentry","category-sen-categoria","tag-cultura","tag-sociedade"],"_links":{"self":[{"href":"https:\/\/blogs.amarinha.gal\/ribadeando\/wp-json\/wp\/v2\/posts\/8144","targetHints":{"allow":["GET"]}}],"collection":[{"href":"https:\/\/blogs.amarinha.gal\/ribadeando\/wp-json\/wp\/v2\/posts"}],"about":[{"href":"https:\/\/blogs.amarinha.gal\/ribadeando\/wp-json\/wp\/v2\/types\/post"}],"author":[{"embeddable":true,"href":"https:\/\/blogs.amarinha.gal\/ribadeando\/wp-json\/wp\/v2\/users\/3"}],"replies":[{"embeddable":true,"href":"https:\/\/blogs.amarinha.gal\/ribadeando\/wp-json\/wp\/v2\/comments?post=8144"}],"version-history":[{"count":0,"href":"https:\/\/blogs.amarinha.gal\/ribadeando\/wp-json\/wp\/v2\/posts\/8144\/revisions"}],"wp:attachment":[{"href":"https:\/\/blogs.amarinha.gal\/ribadeando\/wp-json\/wp\/v2\/media?parent=8144"}],"wp:term":[{"taxonomy":"category","embeddable":true,"href":"https:\/\/blogs.amarinha.gal\/ribadeando\/wp-json\/wp\/v2\/categories?post=8144"},{"taxonomy":"post_tag","embeddable":true,"href":"https:\/\/blogs.amarinha.gal\/ribadeando\/wp-json\/wp\/v2\/tags?post=8144"}],"curies":[{"name":"wp","href":"https:\/\/api.w.org\/{rel}","templated":true}]}}