{"id":8134,"date":"2010-12-27T00:46:00","date_gmt":"2010-12-26T23:46:00","guid":{"rendered":""},"modified":"2024-11-12T14:51:10","modified_gmt":"2024-11-12T13:51:10","slug":"un-escrito-de-victor-moro-ribadeo-sigue","status":"publish","type":"post","link":"https:\/\/blogs.amarinha.gal\/ribadeando\/2010\/12\/27\/un-escrito-de-victor-moro-ribadeo-sigue\/","title":{"rendered":"Un escrito de V\u00edctor Moro: Ribadeo sigue abandonado"},"content":{"rendered":"<p><span>&nbsp;&nbsp; &nbsp;<\/span>Hai xa un par de anos que lle ped\u00edn permiso a V\u00edctor Moro para publicar no blog os escritos seus na Comarca. Aproveito a s\u00faa resposta positiva, brindando a colaboraci\u00f3n posible, para transcribir aqu\u00ed o seu escrito aparecido na Comarca de 20101225, aparecida o 24. A dicir que non comparto totalmente o que di, pero si a base, e prefiro deixalo sen comentario previo e na s\u00faa lingua orixinal.<\/p>\n<p>&nbsp;<\/p>\n<p><em><strong>Ribadeo sigue abandonado<\/strong><\/em><\/p>\n<p><em><br \/>\nPor V\u00edctor Moro<\/p>\n<p>En m\u00e1s de una ocasi\u00f3n he escrito y tambi\u00e9n pregonado en alguno de los actos en los que me invitan a participar, sobre el lamentable abandono y la injusta dejaci\u00f3n que viene padeciendo Ribadeo en los \u00faltimos cincuenta a\u00f1os. Se ha perdido importancia administrativa, cultural y empresarial. Se ha difuminado el sano orgullo de todo lo ribadense que siempre nos ha distinguido. En mi adolescencia nos sent\u00edamos halagados por nuestra condicion de ribadenses alentada por sus manifestaciones culturales, por sus dotaciones sanitarias, por su importancia deportiva, por su destacado nivel socio-cultural, por su importancia administrativa y comercial. Hoy todo se ha perdido o est\u00e1 en camino de desaparici\u00f3n ante la pasividad de nuestros responsables y la agresividad del Principado de Asturias que tanto promueve, apoya y estimula sus tierras de Occidente, mientras que nuestra Xunta sigue ignorando la situacion fronteriza de Ribadeo, necesitado de atenci\u00f3n y apoyo en su escandalosa orfandad, ignorancia que alcanz\u00f3 su m\u00e1ximo nivel durante la etapa del presidente Touri\u00f1o con Pachi Vazquez como conselleiro, actuando vergonzosamente de teloneros de \u00c1lvarez Areces en su escenificaci\u00f3n c\u00f3mplice de la Reserva de la Biosfera, aceptando que el r\u00edo Eo desembocaba en el Camt\u00e1brico, tras su contumaz objetivo de eliminar el top\u00f3nimo \u201cr\u00eda de Ribadeo\u201d que la Comisi\u00f3n de Nombres Geogr\u00e1ficos del Instituto Geogr\u00e1fico Nacional, m\u00e1xima instancia en Espa\u00f1a a efectos topon\u00edrn\u00edcos, declar\u00f3 como \u00fanico. A partir de ah\u00ed, todo lo dem\u00e1s son localismos esp\u00fareos, pol\u00edticas irrelevantes, afanes de supremac\u00eda que se basan en negar y apropiarse de lo ajeno sin recato alguno ante nuestra pasividad.<\/p>\n<p>He tenido alguna participaci\u00f3n en el reconocimiento legal de nuestra toponimia y me consta que desde nuestro Concello se ha reiterado y solicitado atenci\u00f3n a intereses ribadenses sin obtener respuesta alguna. Por mi parte, en mi condici\u00f3n de ribadense, que siempre he proclamado, tambi\u00e9n me dirig\u00ed a las distintas autoridades auton\u00f3micas denunciando esta situaci\u00f3n.  Recib\u00ed respuestas positivas pero lo cierto es que no cristalizaron en actuaciones concretas. Hasta ahora para la nueva Xunta Ribadeo no existe y nuestras demandas sobre el Juzgado, sobre el puerto, sobre la mejora de la atenci\u00f3n sanitaria, sobre presencia activa en el gobierno de la Reserva de la Biosfera, sobre la Estaci\u00f3n Ornitol\u00f3gica de entre tantas otras actuaciones que no relato por innecesarias, siguen sin considerarse. En este punto y a estas alturas sugiero, bajo la rector\u00eda del Concello, interesar ala sociedad civil ribadense en las actuaciones necesarias, con participaci\u00f3n de las distintas asociaciones locales y constituir una plataforma ciudadana en defensa de Ribadeo seriamente amenazado.<\/p>\n<p>Escribo despu\u00e9s de leer \u201cLa Comarca&#8221; del 11 de este mes sobre la gran superficie comercial del Occidente que el Principado planea construir \u201cpara competir con Ribadeo&#8221;. Se intensifica as\u00ed la actitud positiva del gobierno asturiano para promover el desarrollo de sus tierras del Occidente sobre lo que nada cabe arg\u00fcir salvo, por nuestra parte, arbitrar desde la Xunta y poner en pr\u00e1ctica cuanto antes las medidas necesarias para relanzar Ribadeo y su comarca ante las amenazas anunciadas con los est\u00edmulos e \u00ednversiones necesarias<\/p>\n<p>No se trata de enfrentar territorios, pues son mas las razones que nos unen que las diferencias que nos separan, alentando controversias por lo general de ra\u00edz pol\u00edtica siempre destructoras. El Principado acaba de arrebatar a Santiago de Compostela la clausura cultural del A\u00f1o Jubilar Compostelano. Es un serio aviso al gobierno de Galicia, ausente ante las ingerencias asturianas que exigen respuesta urgente y eficaz con proyectos de desarrollo econ\u00f3mico en todos los campos y en defensa de nuestro patrimonio hist\u00f3rico y cultural. Ribadeo est\u00e1 solo y Santiago tambi\u00e9n. \u00bfDonde est\u00e1 el gobierno gallego?<\/em><\/p>\n","protected":false},"excerpt":{"rendered":"<p>&nbsp;&nbsp; &nbsp;Hai xa un par de anos que lle ped\u00edn permiso a V\u00edctor Moro para publicar no blog os escritos seus na Comarca. Aproveito a s\u00faa resposta positiva, brindando a colaboraci\u00f3n posible, para transcribir aqu\u00ed o seu escrito aparecido na Comarca de 20101225, aparecida o 24. A dicir que non comparto totalmente o que di, [&hellip;]<\/p>\n","protected":false},"author":3,"featured_media":0,"comment_status":"open","ping_status":"closed","sticky":false,"template":"","format":"standard","meta":{"activitypub_content_warning":"","activitypub_content_visibility":"","activitypub_max_image_attachments":3,"activitypub_interaction_policy_quote":"anyone","activitypub_status":"federated","footnotes":""},"categories":[1],"tags":[10,21,9],"class_list":["post-8134","post","type-post","status-publish","format-standard","hentry","category-sen-categoria","tag-cultura","tag-economia","tag-sociedade"],"_links":{"self":[{"href":"https:\/\/blogs.amarinha.gal\/ribadeando\/wp-json\/wp\/v2\/posts\/8134","targetHints":{"allow":["GET"]}}],"collection":[{"href":"https:\/\/blogs.amarinha.gal\/ribadeando\/wp-json\/wp\/v2\/posts"}],"about":[{"href":"https:\/\/blogs.amarinha.gal\/ribadeando\/wp-json\/wp\/v2\/types\/post"}],"author":[{"embeddable":true,"href":"https:\/\/blogs.amarinha.gal\/ribadeando\/wp-json\/wp\/v2\/users\/3"}],"replies":[{"embeddable":true,"href":"https:\/\/blogs.amarinha.gal\/ribadeando\/wp-json\/wp\/v2\/comments?post=8134"}],"version-history":[{"count":0,"href":"https:\/\/blogs.amarinha.gal\/ribadeando\/wp-json\/wp\/v2\/posts\/8134\/revisions"}],"wp:attachment":[{"href":"https:\/\/blogs.amarinha.gal\/ribadeando\/wp-json\/wp\/v2\/media?parent=8134"}],"wp:term":[{"taxonomy":"category","embeddable":true,"href":"https:\/\/blogs.amarinha.gal\/ribadeando\/wp-json\/wp\/v2\/categories?post=8134"},{"taxonomy":"post_tag","embeddable":true,"href":"https:\/\/blogs.amarinha.gal\/ribadeando\/wp-json\/wp\/v2\/tags?post=8134"}],"curies":[{"name":"wp","href":"https:\/\/api.w.org\/{rel}","templated":true}]}}