{"id":8131,"date":"2010-12-28T13:20:00","date_gmt":"2010-12-28T12:20:00","guid":{"rendered":""},"modified":"2024-11-12T14:51:05","modified_gmt":"2024-11-12T13:51:05","slug":"asamblea-amadores-da-musica-2010-ii","status":"publish","type":"post","link":"https:\/\/blogs.amarinha.gal\/ribadeando\/2010\/12\/28\/asamblea-amadores-da-musica-2010-ii\/","title":{"rendered":"Asamblea Amadores da M\u00fasica 2010 (II)"},"content":{"rendered":"<p>Despois da <a href=\"http:\/\/ribadeando.blogspot.com\/2010\/12\/deixando-o-28-para-outro-dia-asamblea.html\">1\u00aa parte<\/a>, a non renovaci\u00f3n da directiva, anunciada para a asamblea extraordinaria, e a conexi\u00f3n que fixen entre esa non renovaci\u00f3n e o conflito a conta da actuaci\u00f3n en Mux\u00eda, pola Virxe da Barca, f\u00edxome preguntar por m\u00e1is detalles sobre o tema, a partir de onde interviu m\u00e1is da metade dos presentes, dende anteriores diretivos a m\u00fasicos, pasando por xente que coido que era a primeira vez que intervi\u00f1a. En calquera caso, renunciando a recoller as intervenci\u00f3ns unha por unha (saiuse de al\u00ed despois das 11 da noite, e a grande maior\u00eda do tempo foi de intervenci\u00f3n m\u00faltiple, tranquila, construtiva e \u00f3 tempo sen que quedaran cousas no tinteiro), cabe dicir que tras a pregunta por m\u00e1is detalles, Cecilia interviu para explicar que en Mux\u00eda estaba previsto un pasar\u00faas, acompa\u00f1amento da virxe \u00f3 pobo e retorno, pero non concerto; que lles fora ofertado un concerto s\u00e1bado pero para que os m\u00fasicos poideran ter un fin de semana, elixiran actuar o domingo, que xa ti\u00f1an todo previsto, &#8230; Quiz\u00e1is non sexa quen de recoller todos os matices que sa\u00edron nunha reuni\u00f3n onde pr\u00e1cticamente a totalidade da xente eramos vellos co\u00f1ecidos de asambleas anteriores, e sen dar cousas por sobreentendidas, en realidade todos m\u00e1is ou menos dispo\u00f1\u00edamos de moitas vivencias conxuntas. A cousa \u00e9 que as intervenci\u00f3ns multiplic\u00e1ronse, con opini\u00f3ns \/ feitos ditos por unha ou outra parte como:<br \/>\nOs m\u00fasicos ter\u00e1n que recibir ordes, non selles pode consultar todo.<br \/>\nE o director quen ten que decidir. O de Mux\u00eda non se consultou, imp\u00faxose.<br \/>\nO director deu o seu visto b\u00f3<br \/>\nEu negueime pola condici\u00f3n do que se \u00eda facer en Mux\u00eda<br \/>\nEn Vilamart\u00edn tampouco houbo un respecto \u00e1 banda: actuamos \u00e1 beira do bar coa xente tomando os vi\u00f1os<br \/>\nHaber\u00eda que po\u00f1er as cousas claras<br \/>\n&#8230;<br \/>\n\u00c9 dicir, a xente falou en moitos sentidos, cunha certa unidade de acci\u00f3n a pesares das diferentes opini\u00f3ns e propostas. \u00d3 final da serie tentei facer un resume, cerrando o ciclo. A continuaci\u00f3n dixo unha verbas o director, m\u00e1is que nada enfocando o novo ano, pero tam\u00e9n falando sobre o anterior e a falta de compromiso dos m\u00fasicos e o compromiso da banda cos socios. Apostillei sobre que o fundamental dunha banda son os musicos, non os socios da sociedade que a mant\u00e9n, e houbo asemade unha serie de intervenci\u00f3ns, por exemplo pedindo a recuperaci\u00f3n do festival de m\u00fasica de cine, a procura de ampliaci\u00f3n de plantilla (habida conta que este ano non se quixo incorporar ningu\u00e9n, despois de que o director fixera a proposta a oito rapaces e rapazas), a posibilidade de rescatar antigos m\u00fasicos (a lembrar que a parte da cantidade de xente que pasou pola formaci\u00f3n, a banda chegou a ter 103 m\u00fasicos), a petici\u00f3n de m\u00e1is ensaios \u00e1 semana (m\u00e1is ben de cara \u00f3 ver\u00e1n, pola dificultade de facelo dun xeito sistem\u00e1tico no inverno), a posici\u00f3n de que son os pais dos pequenos  que ve\u00f1en \u00f3 ensaio os que se sacrifican, a petici\u00f3n de semiprofesionalizar a banda motivando \u00f3s m\u00fasicos con cartos, a constataci\u00f3n de que a banda vai amenos, de novo que non se comunica abondo cos m\u00fasicos, que a diretiva est\u00e1 a botar bal\u00f3ns fora (\u00e9 dicir, tentando botar a culpa \u00f3s dem\u00e1is ou sinxelamente, esquivando a propia culpa), a observaci\u00f3n de que o problema no ensaio non son os menores, outra en resposta apuntando que hai xente que traballa e ten polo tanto condicionantes, mesmo avisando que non se conte con eles por non poder ensaiar, que sempre pasou querer ter unha recompensa econ\u00f3mica, a petici\u00f3n de criterios para premiar, co\u00f1ecidos e reco\u00f1ecidos polos m\u00fasicos, ou a petici\u00f3n de que, como a banda est\u00e1 nunha encrucillada, se faga un plan xeral, un proxecto art\u00edstico a longo prazo.<br \/>\nRematou esta primeira xuntanza lembrando Teresa algo que se esquecera, o ter retomado contacto coa Soc. Filantr\u00f3pico Dram\u00e1tica para colaboraci\u00f3n.<br \/>\nEn rogos e preguntas solicito que se colguen na web os estatutos pois a xente non os co\u00f1ece, non est\u00e1 \u00e1 man en ningures, e pasouse \u00e1 segunda asamblea, esta extraordinaria, para renovaci\u00f3n da diretiva.<br \/>\nA asamblea constituiuse b\u00e1sicamente arredor da pregunta inicial: Hai algunha candidatura?<br \/>\nComo era de esperar, non hab\u00eda ningunha.<br \/>\nSi houbo diversas intervenci\u00f3ns, e quedou a directiva en funci\u00f3ns, de xeito que haber\u00e1 outra asamblea posteriormente (poden apuntarse uns tres meses, ata a proximidade de S. Santa). A concelleira de cultura falou para agradecer e apoiar \u00e1 directiva, pero tam\u00e9n \u00f3s m\u00fasicos, pais e \u00e1 sociedade a s\u00faa labor, e outras intervenci\u00f3ns foron dirixidas a tentar alongar o per\u00edodo que se autoda a directiva en funci\u00f3ns (Marcos falou &#8216;ata setembro, para ir co curso&#8217;), a explicar que a diretiva considera que se necesita unha renovaci\u00f3n (Teresa), que a renovaci\u00f3n si, pero non debera ser total para que quedara un poso de xesti\u00f3n, &#8230;<br \/>\n\u00c9 dicir, temos uns meses de Directiva en funci\u00f3ns.<\/p>\n","protected":false},"excerpt":{"rendered":"<p>Despois da 1\u00aa parte, a non renovaci\u00f3n da directiva, anunciada para a asamblea extraordinaria, e a conexi\u00f3n que fixen entre esa non renovaci\u00f3n e o conflito a conta da actuaci\u00f3n en Mux\u00eda, pola Virxe da Barca, f\u00edxome preguntar por m\u00e1is detalles sobre o tema, a partir de onde interviu m\u00e1is da metade dos presentes, dende [&hellip;]<\/p>\n","protected":false},"author":3,"featured_media":0,"comment_status":"open","ping_status":"closed","sticky":false,"template":"","format":"standard","meta":{"activitypub_content_warning":"","activitypub_content_visibility":"","activitypub_max_image_attachments":3,"activitypub_interaction_policy_quote":"anyone","activitypub_status":"federated","footnotes":""},"categories":[1],"tags":[23,9],"class_list":["post-8131","post","type-post","status-publish","format-standard","hentry","category-sen-categoria","tag-musica","tag-sociedade"],"_links":{"self":[{"href":"https:\/\/blogs.amarinha.gal\/ribadeando\/wp-json\/wp\/v2\/posts\/8131","targetHints":{"allow":["GET"]}}],"collection":[{"href":"https:\/\/blogs.amarinha.gal\/ribadeando\/wp-json\/wp\/v2\/posts"}],"about":[{"href":"https:\/\/blogs.amarinha.gal\/ribadeando\/wp-json\/wp\/v2\/types\/post"}],"author":[{"embeddable":true,"href":"https:\/\/blogs.amarinha.gal\/ribadeando\/wp-json\/wp\/v2\/users\/3"}],"replies":[{"embeddable":true,"href":"https:\/\/blogs.amarinha.gal\/ribadeando\/wp-json\/wp\/v2\/comments?post=8131"}],"version-history":[{"count":0,"href":"https:\/\/blogs.amarinha.gal\/ribadeando\/wp-json\/wp\/v2\/posts\/8131\/revisions"}],"wp:attachment":[{"href":"https:\/\/blogs.amarinha.gal\/ribadeando\/wp-json\/wp\/v2\/media?parent=8131"}],"wp:term":[{"taxonomy":"category","embeddable":true,"href":"https:\/\/blogs.amarinha.gal\/ribadeando\/wp-json\/wp\/v2\/categories?post=8131"},{"taxonomy":"post_tag","embeddable":true,"href":"https:\/\/blogs.amarinha.gal\/ribadeando\/wp-json\/wp\/v2\/tags?post=8131"}],"curies":[{"name":"wp","href":"https:\/\/api.w.org\/{rel}","templated":true}]}}