{"id":8126,"date":"2011-01-02T10:19:00","date_gmt":"2011-01-02T09:19:00","guid":{"rendered":""},"modified":"2024-11-12T14:50:58","modified_gmt":"2024-11-12T13:50:58","slug":"entregaronse-as-sinaturas-para-que-o","status":"publish","type":"post","link":"https:\/\/blogs.amarinha.gal\/ribadeando\/2011\/01\/02\/entregaronse-as-sinaturas-para-que-o\/","title":{"rendered":"Entreg\u00e1ronse as sinaturas para que o Xulgado de Primeira Instancia retorne a Ribadeo"},"content":{"rendered":"<p>&#8230; de onde nunca se debeu deixar marchar&#8230;<\/p>\n<p><a href=\"https:\/\/blogger.googleusercontent.com\/img\/b\/R29vZ2xl\/AVvXsEixVlprRxo_k7JX6GoiiudUi-KNwLRajd68wNt3OlcSj-G3tpDmW26lF6PAZt6dTI7vI8QH0iIuWjo6h84iICGWay5tdcM43CZ7V2pEd3pVmjrcLBOVy56lHvhxRfvsyej_HWV5Aw\/s2048\/20101231+presentadoparapleno.jpeg\" onblur=\"try {parent.deselectBloggerImageGracefully();} catch(e) {}\"><img decoding=\"async\" alt=\"\" src=\"https:\/\/blogger.googleusercontent.com\/img\/b\/R29vZ2xl\/AVvXsEixVlprRxo_k7JX6GoiiudUi-KNwLRajd68wNt3OlcSj-G3tpDmW26lF6PAZt6dTI7vI8QH0iIuWjo6h84iICGWay5tdcM43CZ7V2pEd3pVmjrcLBOVy56lHvhxRfvsyej_HWV5Aw\/s2048\/20101231+presentadoparapleno.jpeg\" \/><\/a><\/p>\n<p><a href=\"https:\/\/blogger.googleusercontent.com\/img\/b\/R29vZ2xl\/AVvXsEi_DzTuMHiTgnmQbd-vZLe6OzyCAdGMQ5nZe4hs_OHXiiG1PJGbD6c2xQiMlFIbznOROaQ2ApnPtjRFfVrgx9uDiQjb8l__a8xlY2DCBRTi-zWjFNnZVR0_-S4bV7lKHVL3wXYl7Q\/s2048\/20101231+portada+sinaturas+pro+xulgado.jpg\" onblur=\"try {parent.deselectBloggerImageGracefully();} catch(e) {}\"><img decoding=\"async\" alt=\"\" src=\"https:\/\/blogger.googleusercontent.com\/img\/b\/R29vZ2xl\/AVvXsEi_DzTuMHiTgnmQbd-vZLe6OzyCAdGMQ5nZe4hs_OHXiiG1PJGbD6c2xQiMlFIbznOROaQ2ApnPtjRFfVrgx9uDiQjb8l__a8xlY2DCBRTi-zWjFNnZVR0_-S4bV7lKHVL3wXYl7Q\/s2048\/20101231+portada+sinaturas+pro+xulgado.jpg\" \/><\/a><\/p>\n<p>A nota de prensa de O Tes\u00f3n:<\/p>\n<p>AVV O Tes\u00f3n<\/p>\n<p>Nota de prensa<\/p>\n<p>20110101<\/p>\n<p>Onte, 31 de decembro, \u00e1s 12 da ma\u00f1\u00e1, tivo lugar a sinatura conxunta por parte de representantes de t\u00f3dolos grupos pol\u00edticos representados no Concello de Ribadeo do escrito de acompa\u00f1amenteo \u00e1s 1376 sinaturas recollidas para axilizar a volta do Xulgado de Primeira Instancia e Instrucci\u00f3n a Ribadeo. A sinatura foi levada a cabo por Pancho Campos, Presidente de O Tes\u00f3n, e polos concelleiros electos Fernando Su\u00e1rez, Bego\u00f1a Sanjurjo, Balbino P\u00e9rez e Paco Rivas, simbolizando as\u00ed o apoio de t\u00f3dolos partidos.<\/p>\n<p>A Asociaci\u00f3n de veci\u00f1os O Tes\u00f3n, como promotora da iniciativa, a m\u00e1is de asinar o mesmo escrito e presentar as sinaturas para o seu env\u00edo a Francisco Caama\u00f1o, Ministro de Xustiza, presentou diante de t\u00f3dolos presentes no rexistro do concello unha petici\u00f3n para tratar en pleno o tema, en d\u00faas formas diferentes: A renovaci\u00f3n da petici\u00f3n do Xulgado e o apoio e reco\u00f1ecemento \u00e1s sinaturas recollidas.<\/p>\n<p><a href=\"https:\/\/blogger.googleusercontent.com\/img\/b\/R29vZ2xl\/AVvXsEh91tL1mogRP2-MRV8rb98CnHOISpH4CIjiK4EuNQbEAUju1JEtqAojlKISkXDhfPthAw5wWBj_7fkMVdEkGucZVIIWcpOtUAYUuUN1dovu4QVorApNe2k_Za2E_GmBKRV5wS_kXg\/s2048\/proxulgado.jpg\" onblur=\"try {parent.deselectBloggerImageGracefully();} catch(e) {}\"><img decoding=\"async\" alt=\"\" src=\"https:\/\/blogger.googleusercontent.com\/img\/b\/R29vZ2xl\/AVvXsEh91tL1mogRP2-MRV8rb98CnHOISpH4CIjiK4EuNQbEAUju1JEtqAojlKISkXDhfPthAw5wWBj_7fkMVdEkGucZVIIWcpOtUAYUuUN1dovu4QVorApNe2k_Za2E_GmBKRV5wS_kXg\/s2048\/proxulgado.jpg\" \/><\/a><\/p>\n<p>As\u00ed pois, comeza o 2011 cun novo pulo a favor da recuperaci\u00f3n de cousas perdidas por Ribadeo, sabendo que non \u00e9 doado, pero entre todos o podemos conseguir. A uni\u00f3n \u00e1 que se pode chegar, representada nas fotos arredor das sinaturas conseguidas, da unha esperanza neste comezo de ano de que se poda conseguir un futuro mellor para Ribadeo e os ribadenses.<\/p>\n<p>Documentos adxuntos:<\/p>\n<p>Carta enviada \u00f3 Ministro de Xustiza, Francisco Caama\u00f1o<\/p>\n<p>Escrito \u00f3 pleno para renovar a petici\u00f3n de xulgado e apoio \u00e1s sinaturas<\/p>\n<p>Portada libro de sinaturas<\/p>\n<p>3 fotos de xente presente no acto: pol\u00edticos de t\u00f3dolos partidos e 3 representantes da AVV O Tes\u00f3n (do centro \u00e1 beira da foto, Arturo Linares, Pancho Campos e Antonio Gregorio)<\/p>\n<p>Escrito a Francisco Caama\u00f1o:<\/p>\n<p>Quienes abajo firman, representantes de los partidos pol\u00edticos presentes en la corporaci\u00f3n municipal de Ribadeo y de la AVV O Tes\u00f3n, promotora de la iniciativa y con direcci\u00f3n postal Aptdo. 92, 27780 Ribadeo,<\/p>\n<p>Presentan ante vd. las firmas recogidas por la asociaci\u00f3n vecinal con el prop\u00f3sito de agilizar la petici\u00f3n correspondiente para que Ribadeo recupere el juzgado de 1\u00aa Instancia e Instrucci\u00f3n (en n\u00ba de              ).<\/p>\n<p>En todas y cada una de las p\u00e1ginas de firmas se puede leer:<\/p>\n<p>\u201cNon dispo\u00f1endo Ribadeo de Xulgado de 1\u00aa Instancia e Instruci\u00f3n dende 1965, e t\u00e9ndose incrementado relativa e absolutamente a importancia da vila ribadense neste per\u00edodo, estimando ademais que concorren as circunstancias caracter\u00edsticas que se aval\u00edan para atribu\u00edr un xulgado deste tipo, e mesmo en mellor posici\u00f3n que outros xulgados concedidos recentemente, as persoas abaixo asinantes esixen a apertura da tramitaci\u00f3n correspondente para que se recobre en Ribadeo o Xulgado de 1\u00aa Instancia e Instruci\u00f3n.\u201d<\/p>\n<p>[<span style=\"font-style: italic;\">\u201cNo disponiendo Ribadeo de Juzgado de 1\u00aa Instancia e Instrucci\u00f3n desde 1965, y teni\u00e9ndose incrementado relativa y absolutamente la importancia de la villa ribadense en este per\u00edodo, estimando adem\u00e1s que concurren las circunstancias caracter\u00edsticas que se eval\u00faan para atribu\u00edr un juzgado de este tipo, y mismo en mejor posici\u00f3n que otros juzgados concedidos recientemente, las personas abajo firmantes exigen la apertura de la tramitaci\u00f3n correspondiente para que se recobre en Ribadeo el Juzgado de 1\u00aa Instancia e Instrucci\u00f3n\u201d<\/span>]<\/p>\n<p>Documentaci\u00f3n que presentamos ante vd. con el fin propuesto.<\/p>\n<p>En Ribadeo, a 31 de diciembre de 2010<\/p>\n","protected":false},"excerpt":{"rendered":"<p>&#8230; de onde nunca se debeu deixar marchar&#8230; A nota de prensa de O Tes\u00f3n: AVV O Tes\u00f3n Nota de prensa 20110101 Onte, 31 de decembro, \u00e1s 12 da ma\u00f1\u00e1, tivo lugar a sinatura conxunta por parte de representantes de t\u00f3dolos grupos pol\u00edticos representados no Concello de Ribadeo do escrito de acompa\u00f1amenteo \u00e1s 1376 sinaturas [&hellip;]<\/p>\n","protected":false},"author":3,"featured_media":0,"comment_status":"open","ping_status":"closed","sticky":false,"template":"","format":"standard","meta":{"activitypub_content_warning":"","activitypub_content_visibility":"","activitypub_max_image_attachments":3,"activitypub_interaction_policy_quote":"anyone","activitypub_status":"federated","footnotes":""},"categories":[1],"tags":[74,9,119],"class_list":["post-8126","post","type-post","status-publish","format-standard","hentry","category-sen-categoria","tag-o-teson","tag-sociedade","tag-xulgado"],"_links":{"self":[{"href":"https:\/\/blogs.amarinha.gal\/ribadeando\/wp-json\/wp\/v2\/posts\/8126","targetHints":{"allow":["GET"]}}],"collection":[{"href":"https:\/\/blogs.amarinha.gal\/ribadeando\/wp-json\/wp\/v2\/posts"}],"about":[{"href":"https:\/\/blogs.amarinha.gal\/ribadeando\/wp-json\/wp\/v2\/types\/post"}],"author":[{"embeddable":true,"href":"https:\/\/blogs.amarinha.gal\/ribadeando\/wp-json\/wp\/v2\/users\/3"}],"replies":[{"embeddable":true,"href":"https:\/\/blogs.amarinha.gal\/ribadeando\/wp-json\/wp\/v2\/comments?post=8126"}],"version-history":[{"count":0,"href":"https:\/\/blogs.amarinha.gal\/ribadeando\/wp-json\/wp\/v2\/posts\/8126\/revisions"}],"wp:attachment":[{"href":"https:\/\/blogs.amarinha.gal\/ribadeando\/wp-json\/wp\/v2\/media?parent=8126"}],"wp:term":[{"taxonomy":"category","embeddable":true,"href":"https:\/\/blogs.amarinha.gal\/ribadeando\/wp-json\/wp\/v2\/categories?post=8126"},{"taxonomy":"post_tag","embeddable":true,"href":"https:\/\/blogs.amarinha.gal\/ribadeando\/wp-json\/wp\/v2\/tags?post=8126"}],"curies":[{"name":"wp","href":"https:\/\/api.w.org\/{rel}","templated":true}]}}