{"id":8125,"date":"2011-01-03T09:23:00","date_gmt":"2011-01-03T08:23:00","guid":{"rendered":""},"modified":"2024-11-12T14:50:56","modified_gmt":"2024-11-12T13:50:56","slug":"filosofia-politica-para-o-novo-ano","status":"publish","type":"post","link":"https:\/\/blogs.amarinha.gal\/ribadeando\/2011\/01\/03\/filosofia-politica-para-o-novo-ano\/","title":{"rendered":"Filosof\u00eda (pol\u00edtica) para o novo ano"},"content":{"rendered":"<p>Estamos a comezo dun novo ano. Posiblemente, rec\u00e9n formulados os desexos aprticulares a cumprir (moitas veces, incumprir) durante eses &#8216;novos&#8217; 365 d\u00edas. Que hai dos intereses colectivos a cumprir?<br \/>\nTomo dun libro que rematei de ler case co ano (<a href=\"http:\/\/www.elboomeran.com\/obra\/617\/algo-va-mal\/\">Algo va mal<\/a>, a\u00ednda que a edici\u00f3n que lin non sexa a referida) unha cita correspondente a dous par\u00e1grafos:<br \/>\n&#8220;<span style=\"font-style: italic;\">Deberiamos ter comprendido que canto m\u00e1is perfecta \u00e9 a resposta, m\u00e1is espantosas son as s\u00faas consecuencias.<\/span><br \/>\n<span style=\"font-style: italic;\">O mellor \u00f3 que podemos aspirar \u00e9 a corrixir gradualmente unhas circunstancias insatisfactorias, e probablemente non deberiamos aspirar a m\u00e1is<\/span>&#8221;<br \/>\nA resposta que se pretende \u00e9 fronte a un problema p\u00fablico, xeral, \u00e9 dicir, no campo da pol\u00edtica. E \u00e9 que a perfecci\u00f3n \u00e9 demasiado para unha sociedade imperfecta de xente coma n\u00f3s, imperfecta, polo uqe tratar de impo\u00f1ela pode xerar maiores males que os que trata de corrixir. O ir aproxim\u00e1ndose a unha soluci\u00f3n, o tentar unhamellora paulatina, si que est\u00e1 a\u00ed, \u00f3 noso alcance.<br \/>\nAgora que ve\u00f1en as elecci\u00f3ns municipais, quiz\u00edas deberan lembralo as persoas que est\u00e1n a facer os programas dos partidos: deixarse de imposibles e perfectas propostas e achegarse a propostas que podan mellorar algo a situaci\u00f3n, e de paso, a credibilidade dos propo\u00f1entes. Non \u00e9 doado, o querer e deixar de dourar a pilula mentras os opo\u00f1entes seguramente o este\u00f1an a facer (ver algo sobre o &#8220;<a href=\"http:\/\/gl.wikipedia.org\/wiki\/Dilema_do_Prisioneiro\">dilema do prisioneiro<\/a>&#8220;), pero ser\u00eda o que necesitamos: sinxelamente, mellorar.<\/p>\n","protected":false},"excerpt":{"rendered":"<p>Estamos a comezo dun novo ano. Posiblemente, rec\u00e9n formulados os desexos aprticulares a cumprir (moitas veces, incumprir) durante eses &#8216;novos&#8217; 365 d\u00edas. Que hai dos intereses colectivos a cumprir? Tomo dun libro que rematei de ler case co ano (Algo va mal, a\u00ednda que a edici\u00f3n que lin non sexa a referida) unha cita correspondente [&hellip;]<\/p>\n","protected":false},"author":3,"featured_media":0,"comment_status":"open","ping_status":"closed","sticky":false,"template":"","format":"standard","meta":{"activitypub_content_warning":"","activitypub_content_visibility":"","activitypub_max_image_attachments":3,"activitypub_interaction_policy_quote":"anyone","activitypub_status":"federated","footnotes":""},"categories":[1],"tags":[13],"class_list":["post-8125","post","type-post","status-publish","format-standard","hentry","category-sen-categoria","tag-politica"],"_links":{"self":[{"href":"https:\/\/blogs.amarinha.gal\/ribadeando\/wp-json\/wp\/v2\/posts\/8125","targetHints":{"allow":["GET"]}}],"collection":[{"href":"https:\/\/blogs.amarinha.gal\/ribadeando\/wp-json\/wp\/v2\/posts"}],"about":[{"href":"https:\/\/blogs.amarinha.gal\/ribadeando\/wp-json\/wp\/v2\/types\/post"}],"author":[{"embeddable":true,"href":"https:\/\/blogs.amarinha.gal\/ribadeando\/wp-json\/wp\/v2\/users\/3"}],"replies":[{"embeddable":true,"href":"https:\/\/blogs.amarinha.gal\/ribadeando\/wp-json\/wp\/v2\/comments?post=8125"}],"version-history":[{"count":0,"href":"https:\/\/blogs.amarinha.gal\/ribadeando\/wp-json\/wp\/v2\/posts\/8125\/revisions"}],"wp:attachment":[{"href":"https:\/\/blogs.amarinha.gal\/ribadeando\/wp-json\/wp\/v2\/media?parent=8125"}],"wp:term":[{"taxonomy":"category","embeddable":true,"href":"https:\/\/blogs.amarinha.gal\/ribadeando\/wp-json\/wp\/v2\/categories?post=8125"},{"taxonomy":"post_tag","embeddable":true,"href":"https:\/\/blogs.amarinha.gal\/ribadeando\/wp-json\/wp\/v2\/tags?post=8125"}],"curies":[{"name":"wp","href":"https:\/\/api.w.org\/{rel}","templated":true}]}}