{"id":8122,"date":"2011-01-04T10:50:00","date_gmt":"2011-01-04T09:50:00","guid":{"rendered":""},"modified":"2024-11-12T14:50:49","modified_gmt":"2024-11-12T13:50:49","slug":"un-avance-artistico","status":"publish","type":"post","link":"https:\/\/blogs.amarinha.gal\/ribadeando\/2011\/01\/04\/un-avance-artistico\/","title":{"rendered":"Un avance art\u00edstico"},"content":{"rendered":"<p>Hai xa tempo que O Tes\u00f3n preguntou en pleno polo listado de cadros do concello, a ra\u00edz de que hai unha norma que implica que o uso das salas p\u00fablicas de exposici\u00f3ns \u00e9 a cambio dunha obra do autor que exp\u00f3n, e con diferencia son pintores os que solicitan e obte\u00f1en tempo para as s\u00faas exposici\u00f3ns. Naturalmente, debe habe cadros anteriores a esta norma, pois antes de ter Ribadeo salas de exposici\u00f3ns, xa hab\u00eda cadros no sal\u00f3n de plenos.<br \/>\nOnte puiden pasar botarlle unha primeira ollada (cando se dixo no pleno que estaba dispo\u00f1ible ainda non estaba rematado) \u00f3s listados dos cadros do concello. \u00d3s listados, porque en realidade non \u00e9 un, sen\u00f3n varios, por dependencias. E os listados, porque se partiu dun co\u00f1ecido como do ano 2003, a\u00ednda que nas fichas correspondentes aparece a data 01\/01\/2002, en todas. A\u00ednda que foi algo curto, unha cousa introdutoira, coido que pagou a pena preguntar e comezar a mirar<br \/>\nSe non sumei mal, Eran 165 cadros atribu\u00eddos \u00f3 &#8216;listado de 2003&#8217;, e 38 posteriores a aquela data, inclu\u00eddos 6 no ano 2010, o actual. A dicir que hai obras cedidas a asociaci\u00f3ns veci\u00f1ais das parroquias, por exemplo (cada unha co seu escrito de cesi\u00f3n\/aceptaci\u00f3n), e dado que non \u00e9 un listado \u00fanico, e houbo movemento de cadros, pode haber alg\u00fan que este\u00f1a repe.<br \/>\nEn principio, cada cadro ten unha ficha na que por defecto aparece un mesmo valor para todos -180\u20ac-, e que a\u00ednda que ten data para ano de adquisici\u00f3n\/cesi\u00f3n, non aparece en ning\u00fan caso (excepto nos listados como cedidos no 2010), o que fai verdadeiramente dif\u00edcil facer un seguemento. F\u00f3ise agregando \u00f3 listado, a parte da ficha, unha foto, a\u00ednda que por ser algo novo non todos a te\u00f1en operativa (\u00e9 dicir, que se distinga ben que cadro \u00e9). Asemade, un par de cadros do listado anterior non aparecen localizados neste (a\u00ednda que si contabilizados, como non poder\u00eda ser doutro xeito)<br \/>\nA verdade, par\u00e9ceme pouca cantidade seis cadros (\u00e9 dicir, seis exposici\u00f3ns en salas p\u00fablicas de Ribadeo) no 2010, pero non me puxen (a\u00ednda) a contar as exposici\u00f3ns realizadas por pintores solicitando as salas do concello este ano. A\u00ednda me parece menos a media de 4,5 exposici\u00f3ns\/ano dende o 2003 (8 anos, inclu\u00eddos 2003 e 2010) que corresponden \u00f3s 38 cadros &#8216;novos&#8217;.<br \/>\nA dicir verdade, no Tes\u00f3n manex\u00e1bamos unha media de 1 exposici\u00f3n cada 15 d\u00edas, o que dar\u00eda, s\u00f3 dende o 91, uns 500 cadros, \u00f3s que haber\u00eda que sumarlle os que xa ti\u00f1a o concello. Visto desde agora, parece evidente que nos equivocamos, que non pode ser. Pero de a\u00ed \u00e1 media de 4,5 exposici\u00f3ns en cada un dos oito anos dende o 2003, hai moito treito.<\/p>\n","protected":false},"excerpt":{"rendered":"<p>Hai xa tempo que O Tes\u00f3n preguntou en pleno polo listado de cadros do concello, a ra\u00edz de que hai unha norma que implica que o uso das salas p\u00fablicas de exposici\u00f3ns \u00e9 a cambio dunha obra do autor que exp\u00f3n, e con diferencia son pintores os que solicitan e obte\u00f1en tempo para as s\u00faas [&hellip;]<\/p>\n","protected":false},"author":3,"featured_media":0,"comment_status":"open","ping_status":"closed","sticky":false,"template":"","format":"standard","meta":{"activitypub_content_warning":"","activitypub_content_visibility":"","activitypub_max_image_attachments":3,"activitypub_interaction_policy_quote":"anyone","activitypub_status":"federated","footnotes":""},"categories":[1],"tags":[21,9],"class_list":["post-8122","post","type-post","status-publish","format-standard","hentry","category-sen-categoria","tag-economia","tag-sociedade"],"_links":{"self":[{"href":"https:\/\/blogs.amarinha.gal\/ribadeando\/wp-json\/wp\/v2\/posts\/8122","targetHints":{"allow":["GET"]}}],"collection":[{"href":"https:\/\/blogs.amarinha.gal\/ribadeando\/wp-json\/wp\/v2\/posts"}],"about":[{"href":"https:\/\/blogs.amarinha.gal\/ribadeando\/wp-json\/wp\/v2\/types\/post"}],"author":[{"embeddable":true,"href":"https:\/\/blogs.amarinha.gal\/ribadeando\/wp-json\/wp\/v2\/users\/3"}],"replies":[{"embeddable":true,"href":"https:\/\/blogs.amarinha.gal\/ribadeando\/wp-json\/wp\/v2\/comments?post=8122"}],"version-history":[{"count":0,"href":"https:\/\/blogs.amarinha.gal\/ribadeando\/wp-json\/wp\/v2\/posts\/8122\/revisions"}],"wp:attachment":[{"href":"https:\/\/blogs.amarinha.gal\/ribadeando\/wp-json\/wp\/v2\/media?parent=8122"}],"wp:term":[{"taxonomy":"category","embeddable":true,"href":"https:\/\/blogs.amarinha.gal\/ribadeando\/wp-json\/wp\/v2\/categories?post=8122"},{"taxonomy":"post_tag","embeddable":true,"href":"https:\/\/blogs.amarinha.gal\/ribadeando\/wp-json\/wp\/v2\/tags?post=8122"}],"curies":[{"name":"wp","href":"https:\/\/api.w.org\/{rel}","templated":true}]}}