{"id":8120,"date":"2011-01-06T01:42:00","date_gmt":"2011-01-06T00:42:00","guid":{"rendered":""},"modified":"2024-11-12T14:50:39","modified_gmt":"2024-11-12T13:50:39","slug":"os-10-anos-da-wikipedia-e-o-teson","status":"publish","type":"post","link":"https:\/\/blogs.amarinha.gal\/ribadeando\/2011\/01\/06\/os-10-anos-da-wikipedia-e-o-teson\/","title":{"rendered":"Os 10 anos da wikipedia e O Tes\u00f3n"},"content":{"rendered":"<p>O pr\u00f3ximo 15 de xaneiro a Wikipedia, proxecto distribu\u00eddo de co\u00f1ecemento libre, que se plasma nun conxunto de enciclopedias en internet, cumprir\u00e1 10 anos. Entre as enciclopedias \u00e1s que deu lugar est\u00e1 a Galipedia, (<a href=\"http:\/\/gl.wikipedia.org\/\">http:\/\/gl.wikipedia.org<\/a>), consitu\u00edda xa en referente para asuntos galegos, con m\u00e1is de 66 000 artigos para consulta e medrando coa colaboraci\u00f3n dunha morea de xente, por non falar da versi\u00f3n inglesa, que \u00e9 con diferencia a enciclopedia m\u00e1is grande do mundo.<\/p>\n<p>Como celebraci\u00f3n do cabodano, arredor do mundo haber\u00e1 unha morea de actos, que se poden consultar en <a href=\"https:\/\/www.blogger.com\/Os%2010%20anos%20da%20Wikipedia%20e%20O%20Tes%C3%B3n%20O%20pr%C3%B3ximo%2015%20de%20xaneiro%20a%20Wikipedia,%20proxecto%20distribu%C3%ADdo%20de%20co%C3%B1ecemento%20libre,%20que%20se%20plasma%20nun%20conxunto%20de%20enciclopedias%20en%20internet,%20cumprir%C3%A1%2010%20anos.%20Entre%20as%20enciclopedias%20%C3%A1s%20que%20deu%20lugar%20est%C3%A1%20a%20Galipedia,%20(http:\/\/gl.wikipedia.org),%20consitu%C3%ADda%20xa%20en%20referente%20para%20asuntos%20galegos,%20con%20m%C3%A1is%20de%2066%20000%20artigos%20para%20consulta%20e%20medrando%20coa%20colaboraci%C3%B3n%20dunha%20morea%20de%20xente,%20por%20non%20falar%20da%20versi%C3%B3n%20inglesa,%20que%20%C3%A9%20con%20diferencia%20a%20enciclopedia%20m%C3%A1is%20grande%20do%20mundo.%20Como%20celebraci%C3%B3n%20do%20cabodano,%20arredor%20do%20mundo%20haber%C3%A1%20unha%20morea%20de%20actos,%20que%20se%20poden%20consultar%20en%20http:\/\/ten.wikipedia.org\/w\/index.php?title=Main_Page\/gl&amp;uselang=gl.%20No%20momento%20no%20que%20estou%20a%20escribir,%20en%20Espa%C3%B1a%20hai%20actos%20previstos%20en%20catro%20localidades:%20Madrid,%20Barcelona,%20A%20Coru%C3%B1a%20e%20Ribadeo.%20En%20Ribadeo,%20dende%20a%20AVV%20O%20Tes%C3%B3n,%20programamos%20unha%20sinxela%20actividade%20en%20dous%20tempos%20para%20o%20s%C3%A1bado%2015.%20No%20primeiro%20tempo,%20que%20ser%C3%A1%20%C3%A1s%2012%20da%20ma%C3%B1%C3%A1%20na%20Casa%20das%20Letras,%20ter%C3%A1%20lugar%20unha%20pequena%20presentaci%C3%B3n%20de%20introducci%C3%B3n%20%C3%A1%20wikipedia,%20na%20que%20se%20tomar%C3%A1%20como%20referencia%20a%20versi%C3%B3n%20galega,%20Galipedia,%20e%20m%C3%A1is%20tarde,%20haber%C3%A1%20unha%20sesi%C3%B3n%20de%20edici%C3%B3n%20para%20poder%20intreoducir%20%C3%A1%20xente%20que%20o%20desexe%20%C3%B3%20uso%20da%20enciclopedia%20tanto%20en%20consulta%20como%20para%20colaborar.%20Esta%20segunda%20parte%20desenvolverase%20de%20diferente%20xeito%20segundo%20os%20asistentes%20%C3%B3%20acto.%20Asemade,%20consegu%C3%ADronse%20da%20fundaci%C3%B3n%20wikimedia%20alg%C3%BAns%20agasallos%20para%20as%20persoas%20que%20aistan.\">http:\/\/ten.wikipedia.org\/w\/index.php?title=Main_Page\/gl&amp;uselang=gl<\/a>. No momento no que estou a escribir, en Espa\u00f1a hai actos previstos en catro localidades: Madrid, Barcelona, A Coru\u00f1a e Ribadeo. En Ribadeo, dende a AVV O Tes\u00f3n, programamos unha sinxela actividade en dous tempos para o s\u00e1bado 15. No primeiro tempo, que ser\u00e1 \u00e1s 12 da ma\u00f1\u00e1 na Casa das Letras, ter\u00e1 lugar unha pequena presentaci\u00f3n de introducci\u00f3n \u00e1 wikipedia, na que se tomar\u00e1 como referencia a versi\u00f3n galega, Galipedia, e m\u00e1is tarde, haber\u00e1 unha sesi\u00f3n de edici\u00f3n para poder intreoducir \u00e1 xente que o desexe \u00f3 uso da enciclopedia tanto en consulta como para colaborar. Esta segunda parte desenvolverase de diferente xeito segundo os asistentes \u00f3 acto. Asemade, consegu\u00edronse da fundaci\u00f3n wikimedia alg\u00fans agasallos para as persoas que asistan.<\/p>\n<p>Relacionado: <a href=\"http:\/\/www.lavozdegalicia.es\/amarina\/2011\/01\/06\/0003_8948268.htm\">artgo da Voz<\/a><\/p>\n","protected":false},"excerpt":{"rendered":"<p>O pr\u00f3ximo 15 de xaneiro a Wikipedia, proxecto distribu\u00eddo de co\u00f1ecemento libre, que se plasma nun conxunto de enciclopedias en internet, cumprir\u00e1 10 anos. Entre as enciclopedias \u00e1s que deu lugar est\u00e1 a Galipedia, (http:\/\/gl.wikipedia.org), consitu\u00edda xa en referente para asuntos galegos, con m\u00e1is de 66 000 artigos para consulta e medrando coa colaboraci\u00f3n dunha [&hellip;]<\/p>\n","protected":false},"author":3,"featured_media":0,"comment_status":"open","ping_status":"closed","sticky":false,"template":"","format":"standard","meta":{"activitypub_content_warning":"","activitypub_content_visibility":"","activitypub_max_image_attachments":3,"activitypub_interaction_policy_quote":"anyone","activitypub_status":"federate","footnotes":""},"categories":[1],"tags":[63,74,9],"class_list":["post-8120","post","type-post","status-publish","format-standard","hentry","category-sen-categoria","tag-galipedia","tag-o-teson","tag-sociedade"],"_links":{"self":[{"href":"https:\/\/blogs.amarinha.gal\/ribadeando\/wp-json\/wp\/v2\/posts\/8120","targetHints":{"allow":["GET"]}}],"collection":[{"href":"https:\/\/blogs.amarinha.gal\/ribadeando\/wp-json\/wp\/v2\/posts"}],"about":[{"href":"https:\/\/blogs.amarinha.gal\/ribadeando\/wp-json\/wp\/v2\/types\/post"}],"author":[{"embeddable":true,"href":"https:\/\/blogs.amarinha.gal\/ribadeando\/wp-json\/wp\/v2\/users\/3"}],"replies":[{"embeddable":true,"href":"https:\/\/blogs.amarinha.gal\/ribadeando\/wp-json\/wp\/v2\/comments?post=8120"}],"version-history":[{"count":0,"href":"https:\/\/blogs.amarinha.gal\/ribadeando\/wp-json\/wp\/v2\/posts\/8120\/revisions"}],"wp:attachment":[{"href":"https:\/\/blogs.amarinha.gal\/ribadeando\/wp-json\/wp\/v2\/media?parent=8120"}],"wp:term":[{"taxonomy":"category","embeddable":true,"href":"https:\/\/blogs.amarinha.gal\/ribadeando\/wp-json\/wp\/v2\/categories?post=8120"},{"taxonomy":"post_tag","embeddable":true,"href":"https:\/\/blogs.amarinha.gal\/ribadeando\/wp-json\/wp\/v2\/tags?post=8120"}],"curies":[{"name":"wp","href":"https:\/\/api.w.org\/{rel}","templated":true}]}}