{"id":8118,"date":"2011-01-07T16:23:00","date_gmt":"2011-01-07T15:23:00","guid":{"rendered":""},"modified":"2024-11-12T14:50:36","modified_gmt":"2024-11-12T13:50:36","slug":"en-lembranza-do-nadal-20102011","status":"publish","type":"post","link":"https:\/\/blogs.amarinha.gal\/ribadeando\/2011\/01\/07\/en-lembranza-do-nadal-20102011\/","title":{"rendered":"En lembranza do Nadal 2010\/2011"},"content":{"rendered":"<p>O Nadal xa pasou.<br \/>\nA adaptaci\u00f3n para o post-Nadal este ano ir\u00e1 m\u00e1is lenta, pois a fin de semana as\u00ed o permete \u00f3 ser Reis un xoves. As imaxes a continuaci\u00f3n, hoxe, d\u00eda sete de xaneiro, xa son m\u00e1is que pasado, lembranza doutro tempo, e como colof\u00f3n \u00e1s entradas del as deixo: <\/p>\n<p><a onblur=\"try {parent.deselectBloggerImageGracefully();} catch(e) {}\" href=\"https:\/\/blogger.googleusercontent.com\/img\/b\/R29vZ2xl\/AVvXsEgNoQS86MsGQPGW5XXoS9WaWH8lfbcFdzDBUYoezWzlzQIVVEFfHjotumoYtUmET8JHdrQUldGtAAelht_-Q_8OaxFn7UcZcUP0nEJrGMgAxw5SFPmpbkSdnFTUOwQ-UdI0CGOkew\/s2048\/Nadal2010+alcalde1.jpg\"><img decoding=\"async\" src=\"https:\/\/blogger.googleusercontent.com\/img\/b\/R29vZ2xl\/AVvXsEgNoQS86MsGQPGW5XXoS9WaWH8lfbcFdzDBUYoezWzlzQIVVEFfHjotumoYtUmET8JHdrQUldGtAAelht_-Q_8OaxFn7UcZcUP0nEJrGMgAxw5SFPmpbkSdnFTUOwQ-UdI0CGOkew\/s2048\/Nadal2010+alcalde1.jpg\" alt=\"\" \/><\/a><br \/>\n<a onblur=\"try {parent.deselectBloggerImageGracefully();} catch(e) {}\" href=\"https:\/\/blogger.googleusercontent.com\/img\/b\/R29vZ2xl\/AVvXsEj4YV8FckKU9HYj16lCzR1aK7ksXyR5UuJvbk_ddVetCivHkTx93rkSOwWfxgzigH2EvrsyLHH90gp-MhAtl1fiQ6yXL9VuRkIWz4C1mp2j8Ru46xB-mjFh-fGsxffqjWnVPaidZg\/s2048\/Nadal2010+alcalde+2.jpg\"><img decoding=\"async\" src=\"https:\/\/blogger.googleusercontent.com\/img\/b\/R29vZ2xl\/AVvXsEj4YV8FckKU9HYj16lCzR1aK7ksXyR5UuJvbk_ddVetCivHkTx93rkSOwWfxgzigH2EvrsyLHH90gp-MhAtl1fiQ6yXL9VuRkIWz4C1mp2j8Ru46xB-mjFh-fGsxffqjWnVPaidZg\/s2048\/Nadal2010+alcalde+2.jpg\" alt=\"\" \/><\/a><br \/>\n<a onblur=\"try {parent.deselectBloggerImageGracefully();} catch(e) {}\" href=\"https:\/\/blogger.googleusercontent.com\/img\/b\/R29vZ2xl\/AVvXsEgGCwWOl7v1gGMdNDMnZLY-DmhwngbSjw5uyWtxu-xz0GmPWivrjgrefHk22S7Nb86tmfAv8dzdDPLTvxEVCcUqANvMe4O9nON11MJR7OCtTR3JY3VOcqv4R-4Bb7T47MMaXgr2ww\/s2048\/Nadal2010+loteria+cancro.jpg\"><img decoding=\"async\" src=\"https:\/\/blogger.googleusercontent.com\/img\/b\/R29vZ2xl\/AVvXsEgGCwWOl7v1gGMdNDMnZLY-DmhwngbSjw5uyWtxu-xz0GmPWivrjgrefHk22S7Nb86tmfAv8dzdDPLTvxEVCcUqANvMe4O9nON11MJR7OCtTR3JY3VOcqv4R-4Bb7T47MMaXgr2ww\/s2048\/Nadal2010+loteria+cancro.jpg\" alt=\"\" \/><\/a><br \/>\n<a onblur=\"try {parent.deselectBloggerImageGracefully();} catch(e) {}\" href=\"https:\/\/blogger.googleusercontent.com\/img\/b\/R29vZ2xl\/AVvXsEhO3IBuLGueOtV13uliC-CA0CETAhF1bzx7EiLGCRPmFo0soWOfwO4EtYzVNwudq328Cb9BX6kYjicL9EDzBVMO96dEej4Q713bfZJr8I-g22JA8ukzcs3UC8NLpNDpesJzD9vtGw\/s2048\/Nadal2010+loteria+nac.jpg\"><img decoding=\"async\" src=\"https:\/\/blogger.googleusercontent.com\/img\/b\/R29vZ2xl\/AVvXsEhO3IBuLGueOtV13uliC-CA0CETAhF1bzx7EiLGCRPmFo0soWOfwO4EtYzVNwudq328Cb9BX6kYjicL9EDzBVMO96dEej4Q713bfZJr8I-g22JA8ukzcs3UC8NLpNDpesJzD9vtGw\/s2048\/Nadal2010+loteria+nac.jpg\" alt=\"\" \/><\/a><br \/>\n<a onblur=\"try {parent.deselectBloggerImageGracefully();} catch(e) {}\" href=\"https:\/\/blogger.googleusercontent.com\/img\/b\/R29vZ2xl\/AVvXsEhlysyPw0o_12Yp9zCI9GrieweMrssyyrjZONsc4ZdM8OWNEO9oDrHB600k8xev7dEEGi9k7k1AK0z2SQX9U8UGJ_2MYj9iH0tmWM19Vp8itAuFq5fc2iZIm4mheAi01nS5LGR63w\/s2048\/Nadal2010+loteria+Teson.jpg\"><img decoding=\"async\" src=\"https:\/\/blogger.googleusercontent.com\/img\/b\/R29vZ2xl\/AVvXsEhlysyPw0o_12Yp9zCI9GrieweMrssyyrjZONsc4ZdM8OWNEO9oDrHB600k8xev7dEEGi9k7k1AK0z2SQX9U8UGJ_2MYj9iH0tmWM19Vp8itAuFq5fc2iZIm4mheAi01nS5LGR63w\/s2048\/Nadal2010+loteria+Teson.jpg\" alt=\"\" \/><\/a><\/p>\n","protected":false},"excerpt":{"rendered":"<p>O Nadal xa pasou. A adaptaci\u00f3n para o post-Nadal este ano ir\u00e1 m\u00e1is lenta, pois a fin de semana as\u00ed o permete \u00f3 ser Reis un xoves. As imaxes a continuaci\u00f3n, hoxe, d\u00eda sete de xaneiro, xa son m\u00e1is que pasado, lembranza doutro tempo, e como colof\u00f3n \u00e1s entradas del as deixo:<\/p>\n","protected":false},"author":3,"featured_media":0,"comment_status":"open","ping_status":"closed","sticky":false,"template":"","format":"standard","meta":{"activitypub_content_warning":"","activitypub_content_visibility":"","activitypub_max_image_attachments":3,"activitypub_interaction_policy_quote":"anyone","activitypub_status":"federate","footnotes":""},"categories":[1],"tags":[9],"class_list":["post-8118","post","type-post","status-publish","format-standard","hentry","category-sen-categoria","tag-sociedade"],"_links":{"self":[{"href":"https:\/\/blogs.amarinha.gal\/ribadeando\/wp-json\/wp\/v2\/posts\/8118","targetHints":{"allow":["GET"]}}],"collection":[{"href":"https:\/\/blogs.amarinha.gal\/ribadeando\/wp-json\/wp\/v2\/posts"}],"about":[{"href":"https:\/\/blogs.amarinha.gal\/ribadeando\/wp-json\/wp\/v2\/types\/post"}],"author":[{"embeddable":true,"href":"https:\/\/blogs.amarinha.gal\/ribadeando\/wp-json\/wp\/v2\/users\/3"}],"replies":[{"embeddable":true,"href":"https:\/\/blogs.amarinha.gal\/ribadeando\/wp-json\/wp\/v2\/comments?post=8118"}],"version-history":[{"count":0,"href":"https:\/\/blogs.amarinha.gal\/ribadeando\/wp-json\/wp\/v2\/posts\/8118\/revisions"}],"wp:attachment":[{"href":"https:\/\/blogs.amarinha.gal\/ribadeando\/wp-json\/wp\/v2\/media?parent=8118"}],"wp:term":[{"taxonomy":"category","embeddable":true,"href":"https:\/\/blogs.amarinha.gal\/ribadeando\/wp-json\/wp\/v2\/categories?post=8118"},{"taxonomy":"post_tag","embeddable":true,"href":"https:\/\/blogs.amarinha.gal\/ribadeando\/wp-json\/wp\/v2\/tags?post=8118"}],"curies":[{"name":"wp","href":"https:\/\/api.w.org\/{rel}","templated":true}]}}