{"id":8117,"date":"2011-01-08T09:22:00","date_gmt":"2011-01-08T08:22:00","guid":{"rendered":""},"modified":"2024-11-12T14:50:35","modified_gmt":"2024-11-12T13:50:35","slug":"escondendo-man","status":"publish","type":"post","link":"https:\/\/blogs.amarinha.gal\/ribadeando\/2011\/01\/08\/escondendo-man\/","title":{"rendered":"Escondendo a man"},"content":{"rendered":"<p>Maledicencias, mentiras interesadas, actos para danar &#8230; cousas inconcebibles pero que en moitas partes, en todo o mundo, est\u00e1n \u00e1 orde do d\u00eda. En Ribadeo, tam\u00e9n: mesmo eu, hai non tanto tempo escrib\u00edn sobre <a href=\"http:\/\/ribadeando.blogspot.com\/2010\/09\/despois-de-17-anos.html\">m\u00e9todos mafiosos<\/a> a conta doutro tema no blog e na prensa. Neste caso, o concelleiro de Medio Ambiente \u00e9 o implicado, e a imaxe da mafia tam\u00e9n sae no <a href=\"http:\/\/www.ribadeo.org\/actualidade\/nova.php?id=661&amp;lg=gal\">comunicado<\/a>. As pintadas quedar\u00e1n polo momento, segundo di o alcalde, igual que a\u00ednda est\u00e1n visibles os carteis que acusan \u00f3 alcalde e a &#8216;un veci\u00f1o&#8217; de acoso a un pub, que os mantivo mesmo o primeiro de ano, estando aberto ata mediod\u00eda.<\/p>\n","protected":false},"excerpt":{"rendered":"<p>Maledicencias, mentiras interesadas, actos para danar &#8230; cousas inconcebibles pero que en moitas partes, en todo o mundo, est\u00e1n \u00e1 orde do d\u00eda. En Ribadeo, tam\u00e9n: mesmo eu, hai non tanto tempo escrib\u00edn sobre m\u00e9todos mafiosos a conta doutro tema no blog e na prensa. Neste caso, o concelleiro de Medio Ambiente \u00e9 o implicado, [&hellip;]<\/p>\n","protected":false},"author":3,"featured_media":0,"comment_status":"open","ping_status":"closed","sticky":false,"template":"","format":"standard","meta":{"activitypub_content_warning":"","activitypub_content_visibility":"","activitypub_max_image_attachments":3,"activitypub_interaction_policy_quote":"anyone","activitypub_status":"federate","footnotes":""},"categories":[1],"tags":[9],"class_list":["post-8117","post","type-post","status-publish","format-standard","hentry","category-sen-categoria","tag-sociedade"],"_links":{"self":[{"href":"https:\/\/blogs.amarinha.gal\/ribadeando\/wp-json\/wp\/v2\/posts\/8117","targetHints":{"allow":["GET"]}}],"collection":[{"href":"https:\/\/blogs.amarinha.gal\/ribadeando\/wp-json\/wp\/v2\/posts"}],"about":[{"href":"https:\/\/blogs.amarinha.gal\/ribadeando\/wp-json\/wp\/v2\/types\/post"}],"author":[{"embeddable":true,"href":"https:\/\/blogs.amarinha.gal\/ribadeando\/wp-json\/wp\/v2\/users\/3"}],"replies":[{"embeddable":true,"href":"https:\/\/blogs.amarinha.gal\/ribadeando\/wp-json\/wp\/v2\/comments?post=8117"}],"version-history":[{"count":0,"href":"https:\/\/blogs.amarinha.gal\/ribadeando\/wp-json\/wp\/v2\/posts\/8117\/revisions"}],"wp:attachment":[{"href":"https:\/\/blogs.amarinha.gal\/ribadeando\/wp-json\/wp\/v2\/media?parent=8117"}],"wp:term":[{"taxonomy":"category","embeddable":true,"href":"https:\/\/blogs.amarinha.gal\/ribadeando\/wp-json\/wp\/v2\/categories?post=8117"},{"taxonomy":"post_tag","embeddable":true,"href":"https:\/\/blogs.amarinha.gal\/ribadeando\/wp-json\/wp\/v2\/tags?post=8117"}],"curies":[{"name":"wp","href":"https:\/\/api.w.org\/{rel}","templated":true}]}}