{"id":8113,"date":"2011-01-12T07:45:00","date_gmt":"2011-01-12T06:45:00","guid":{"rendered":""},"modified":"2024-11-12T14:50:29","modified_gmt":"2024-11-12T13:50:29","slug":"actualizacion-da-nota-de-prensa-sobre","status":"publish","type":"post","link":"https:\/\/blogs.amarinha.gal\/ribadeando\/2011\/01\/12\/actualizacion-da-nota-de-prensa-sobre\/","title":{"rendered":"actualizaci\u00f3n da nota de prensa sobre a celebraci\u00f3n dos 10 anos da Wikipedia"},"content":{"rendered":"<p><a href=\"https:\/\/blogger.googleusercontent.com\/img\/b\/R29vZ2xl\/AVvXsEg-1s2wprGU3LCqtecpZMLv7QsahiOb5CPwRC9mo7VE-Q3e_scIvxkt84wya5rs9ySrZYkQpJZzJhH9k0G0F10sTmu-Ez1RzhsUA8LCDBaL6aZspROLA3LqVtaLVP1DGGb1yZF2Eg\/s2048\/Poster-Ribadeo_concello+wikipedia+peq.jpg\" onblur=\"try {parent.deselectBloggerImageGracefully();} catch(e) {}\"><img decoding=\"async\" alt=\"\" src=\"https:\/\/blogger.googleusercontent.com\/img\/b\/R29vZ2xl\/AVvXsEg-1s2wprGU3LCqtecpZMLv7QsahiOb5CPwRC9mo7VE-Q3e_scIvxkt84wya5rs9ySrZYkQpJZzJhH9k0G0F10sTmu-Ez1RzhsUA8LCDBaL6aZspROLA3LqVtaLVP1DGGb1yZF2Eg\/s2048\/Poster-Ribadeo_concello+wikipedia+peq.jpg\" \/><\/a><\/p>\n<p>Celebraci\u00f3n dos 10 anos da existencia da Wikipedia<\/p>\n<p>A wikipedia \u00e9 unha enciclopedia, un conxunto de enciclopedias, diccionarios e outros repositorios de co\u00f1ecemento basados na tecnolox\u00eda wiki, e de creaci\u00f3n comunal. O pr\u00f3ximo 15 de xaneiro cumprir\u00e1 10 anos este proxecto distribu\u00eddo de co\u00f1ecemento libre.<\/p>\n<p>O Tes\u00f3n, en contacto con outros grupos \u00f3 longo de Galicia, do estado e a traverso da fundaci\u00f3n wikimedia, de todo o mundo, colaborar\u00e1 na celebraci\u00f3n deste cabodano cunha charla presentaci\u00f3n de introducci\u00f3n \u00e1 wikipedia, na que se tomar\u00e1 como referencia a versi\u00f3n galega &#8211; Galipedia-, (prevista para as 12 da ma\u00f1\u00e1 na Casa das Letras ribadense) e a iniciaci\u00f3n \u00e1 edici\u00f3n de artigos e uso da Galipedia, que ter\u00e1 lugar a continuaci\u00f3n no telecentro da Casa da Xuventude, cedido polo concello..<\/p>\n<p>Dest\u00e1case que en Espa\u00f1a est\u00e1 previsto a celebraci\u00f3n deste evento en catro localidades, Madrid, Barcelona, A Coru\u00f1a (Culleredo) e Ribadeo. A celebraci\u00f3n na nosa vila corresponde con ser Ribadeo un dos primeiros e m\u00e1is extensos artigos redactados na Galipedia (http:\/\/gl.wikipedia.org), que nada o ano 2003, conseguiu unha extensi\u00f3n de m\u00e1is de 66 000 artigos para consulta na actualidade.<\/p>\n<p>En canto \u00f3 conxunto da Wikipedia, destacar que na actualidade segue a medrar todo o proxecto, participando unha morea de xente, por non falar da versi\u00f3n inglesa, que \u00e9 con diferencia a enciclopedia m\u00e1is grande do mundo, ou da ramificaci\u00f3n en diversas wikis tem\u00e1ticas, dende novas a repositorios de materiais documentais diversos.<\/p>\n<p>En canto \u00e1 celebraci\u00f3n da conmemoraci\u00f3n, arredor do mundo haber\u00e1 actos diversos, que se poden consultar en<\/p>\n<p>http:\/\/ten.wikipedia.org\/w\/index.php?title=Main_Page\/gl&#038;uselang=gl. <\/p>\n<p>A fundaci\u00f3n wikimedia ten enviado alg\u00fan pequeno agasallo para as persoas que asistan.<\/p>\n<p>Adx\u00fantase o cartel realizado para Ribadeo, confeccionado a partir doutro realizado por Elisardojm para a celebraci\u00f3n en Culleredo, o outro lugar de Galicia no que se realizar\u00e1n diversos actos de celebraci\u00f3n.<\/p>\n","protected":false},"excerpt":{"rendered":"<p>Celebraci\u00f3n dos 10 anos da existencia da Wikipedia A wikipedia \u00e9 unha enciclopedia, un conxunto de enciclopedias, diccionarios e outros repositorios de co\u00f1ecemento basados na tecnolox\u00eda wiki, e de creaci\u00f3n comunal. O pr\u00f3ximo 15 de xaneiro cumprir\u00e1 10 anos este proxecto distribu\u00eddo de co\u00f1ecemento libre. O Tes\u00f3n, en contacto con outros grupos \u00f3 longo de [&hellip;]<\/p>\n","protected":false},"author":3,"featured_media":0,"comment_status":"open","ping_status":"closed","sticky":false,"template":"","format":"standard","meta":{"activitypub_content_warning":"","activitypub_content_visibility":"","activitypub_max_image_attachments":3,"activitypub_interaction_policy_quote":"anyone","activitypub_status":"federated","footnotes":""},"categories":[1],"tags":[8,10,63,40],"class_list":["post-8113","post","type-post","status-publish","format-standard","hentry","category-sen-categoria","tag-blog","tag-cultura","tag-galipedia","tag-tecnoloxia"],"_links":{"self":[{"href":"https:\/\/blogs.amarinha.gal\/ribadeando\/wp-json\/wp\/v2\/posts\/8113","targetHints":{"allow":["GET"]}}],"collection":[{"href":"https:\/\/blogs.amarinha.gal\/ribadeando\/wp-json\/wp\/v2\/posts"}],"about":[{"href":"https:\/\/blogs.amarinha.gal\/ribadeando\/wp-json\/wp\/v2\/types\/post"}],"author":[{"embeddable":true,"href":"https:\/\/blogs.amarinha.gal\/ribadeando\/wp-json\/wp\/v2\/users\/3"}],"replies":[{"embeddable":true,"href":"https:\/\/blogs.amarinha.gal\/ribadeando\/wp-json\/wp\/v2\/comments?post=8113"}],"version-history":[{"count":0,"href":"https:\/\/blogs.amarinha.gal\/ribadeando\/wp-json\/wp\/v2\/posts\/8113\/revisions"}],"wp:attachment":[{"href":"https:\/\/blogs.amarinha.gal\/ribadeando\/wp-json\/wp\/v2\/media?parent=8113"}],"wp:term":[{"taxonomy":"category","embeddable":true,"href":"https:\/\/blogs.amarinha.gal\/ribadeando\/wp-json\/wp\/v2\/categories?post=8113"},{"taxonomy":"post_tag","embeddable":true,"href":"https:\/\/blogs.amarinha.gal\/ribadeando\/wp-json\/wp\/v2\/tags?post=8113"}],"curies":[{"name":"wp","href":"https:\/\/api.w.org\/{rel}","templated":true}]}}