{"id":8110,"date":"2011-01-14T07:55:00","date_gmt":"2011-01-14T06:55:00","guid":{"rendered":""},"modified":"2024-11-12T14:50:24","modified_gmt":"2024-11-12T13:50:24","slug":"vai-de-rifirafes","status":"publish","type":"post","link":"https:\/\/blogs.amarinha.gal\/ribadeando\/2011\/01\/14\/vai-de-rifirafes\/","title":{"rendered":"Vai de rifirafes"},"content":{"rendered":"<p>Cara a unhas elecci\u00f3ns, non s\u00f3 conta o presumir do que se fixo ben e tentar escapar do que se fixo mal ou non se fixo, sen\u00f3n outras cousas, como tentar que se vexa o que se fixo mal como ben feito, que a xente asuma as posturas que se defenden, e, deporte nacional, atacar \u00f3 contrario ou mellor, as s\u00faas obras, atraendo \u00f3 tempo os titulares, a atenci\u00f3n, para ter p\u00fablico para o que se queira.<br \/>\nDestas cousas est\u00e1nse a ver mostras continuamente na prensa, e a\u00ed est\u00e1 de novo o alcalde de Castropol deixando caer algunha flor cara a Ribadeo para crear sentemento de uni\u00f3n entorno \u00e1 s\u00faa figura no seu concello. Que outra raz\u00f3n pode haber sen\u00f3n poara os cont\u00ednuos ataques?<br \/>\nA prensa de hoxe tam\u00e9n se fai eco da pol\u00e9mica do PSOE ribadense, cunhas acusaci\u00f3ns que coido graves pero que no clima xeral actual, posiblemente quedar\u00e1n en palabras gordas e algo de peor imaxe. Con iso, quedan outras pol\u00e9micas interpartidos sen espazo hoxe na prensa, cambiando algo o mapa de novas do d\u00eda&#8230;<\/p>\n","protected":false},"excerpt":{"rendered":"<p>Cara a unhas elecci\u00f3ns, non s\u00f3 conta o presumir do que se fixo ben e tentar escapar do que se fixo mal ou non se fixo, sen\u00f3n outras cousas, como tentar que se vexa o que se fixo mal como ben feito, que a xente asuma as posturas que se defenden, e, deporte nacional, atacar [&hellip;]<\/p>\n","protected":false},"author":3,"featured_media":0,"comment_status":"open","ping_status":"closed","sticky":false,"template":"","format":"standard","meta":{"activitypub_content_warning":"","activitypub_content_visibility":"","activitypub_max_image_attachments":3,"activitypub_interaction_policy_quote":"anyone","activitypub_status":"federated","footnotes":""},"categories":[1],"tags":[13],"class_list":["post-8110","post","type-post","status-publish","format-standard","hentry","category-sen-categoria","tag-politica"],"_links":{"self":[{"href":"https:\/\/blogs.amarinha.gal\/ribadeando\/wp-json\/wp\/v2\/posts\/8110","targetHints":{"allow":["GET"]}}],"collection":[{"href":"https:\/\/blogs.amarinha.gal\/ribadeando\/wp-json\/wp\/v2\/posts"}],"about":[{"href":"https:\/\/blogs.amarinha.gal\/ribadeando\/wp-json\/wp\/v2\/types\/post"}],"author":[{"embeddable":true,"href":"https:\/\/blogs.amarinha.gal\/ribadeando\/wp-json\/wp\/v2\/users\/3"}],"replies":[{"embeddable":true,"href":"https:\/\/blogs.amarinha.gal\/ribadeando\/wp-json\/wp\/v2\/comments?post=8110"}],"version-history":[{"count":0,"href":"https:\/\/blogs.amarinha.gal\/ribadeando\/wp-json\/wp\/v2\/posts\/8110\/revisions"}],"wp:attachment":[{"href":"https:\/\/blogs.amarinha.gal\/ribadeando\/wp-json\/wp\/v2\/media?parent=8110"}],"wp:term":[{"taxonomy":"category","embeddable":true,"href":"https:\/\/blogs.amarinha.gal\/ribadeando\/wp-json\/wp\/v2\/categories?post=8110"},{"taxonomy":"post_tag","embeddable":true,"href":"https:\/\/blogs.amarinha.gal\/ribadeando\/wp-json\/wp\/v2\/tags?post=8110"}],"curies":[{"name":"wp","href":"https:\/\/api.w.org\/{rel}","templated":true}]}}