{"id":8109,"date":"2011-01-15T09:56:00","date_gmt":"2011-01-15T08:56:00","guid":{"rendered":""},"modified":"2024-11-12T14:50:23","modified_gmt":"2024-11-12T13:50:23","slug":"o-vindeiro-luns-17-vaise-abordar","status":"publish","type":"post","link":"https:\/\/blogs.amarinha.gal\/ribadeando\/2011\/01\/15\/o-vindeiro-luns-17-vaise-abordar\/","title":{"rendered":"O vindeiro luns 17 vaise abordar a aprobaci\u00f3n inicial do regulamento org\u00e1nico de participaci\u00f3n cidad\u00e1 do Concello"},"content":{"rendered":"<p>&#8230; algo do que levo comentado abondo no blog. Non sei o texto que se presentar\u00e1 a aprobaci\u00f3n. Xa supo\u00f1o que o que presentou a Mesa de asociaci\u00f3ns hai anos non ser\u00e1, pero intr\u00edgame se ser\u00e1 o presentado para a discusi\u00f3n das asociaci\u00f3ns no comezo de 2010, o<a href=\"http:\/\/o-teson.blogspot.com\/2010\/10\/nota-de-prensa-da-mesa-de-asociacions.html\"> devolto pola mesa en setembro<\/a> ou outra versi\u00f3n modificada. En calquera caso, \u00e9 de esperar que represente unha mellora sobre a situaci\u00f3n actual, na que a posibilidade de intervenci\u00f3n lim\u00edtase \u00e1 posibilidade de deixar documentos no concello ou preguntar para que sexan contestadas as preguntas despois do pleno, con fortes limitaci\u00f3ns e discreccionalidade.<br \/>\nLigaz\u00f3ns relacionadas:<br \/>\n<a href=\"http:\/\/ribadeando.blogspot.com\/2010\/08\/nota-de-prensa-sobre-mes-de-asociacions.html\">Nota de presa da mesa de asociaci\u00f3ns en Ribadeando &#8211; 2010<\/a><br \/>\n<a href=\"http:\/\/ribadeando.blogspot.com\/2007\/01\/asociacins-de-ribadeo.html\">Petici\u00f3n da Mesa de asociaci\u00f3ns da inclusi\u00f3n do regulamento nos programas electorais<\/a><br \/>\n<a href=\"http:\/\/ribadeando.blogspot.com\/2007\/11\/pleno-13-iii.html\">Resposta \u00e1 pregunta sobre a intenci\u00f3n de levar a diante o regulamento neste mandato<\/a><br \/>\n<a href=\"http:\/\/ribadeando.blogspot.com\/2010\/11\/procastinar-para-unha-historia-da.html\">Alegato a favor de dar un paso adiante coa normativa e historia do proceso<\/a><br \/>\n<a href=\"http:\/\/ribadeando.blogspot.com\/2009\/03\/pleno-de-16-de-marzo-de-2009-ii.html\">Resposta a unha pregunta de O Tes\u00f3n no pleno de marzo de 2009<\/a><br \/>\n<a href=\"http:\/\/ribadeando.blogspot.com\/2009\/02\/regulamento-de-participacion-cidada.html\">A primeira proposta \u00f3 concello<\/a><br \/>\n<a href=\"http:\/\/ribadeando.blogspot.com\/2010\/10\/sobre-mesa-de-asociacions-de-ribadeo.html\">Nota sobre a Mesa de Asociaci\u00f3ns de xaneiro de 2010<\/a><br \/>\n<a href=\"http:\/\/publicadoenribadeo.wikispaces.com\/Proposta+de+regulamento+org%C3%A1nico+de+participaci%C3%B3n+cidad%C3%A1\">Contestaci\u00f3n da Mesa de Asociaci\u00f3ns \u00e1 proposta presentada pola alcald\u00eda (setembro 2010)<\/a><\/p>\n","protected":false},"excerpt":{"rendered":"<p>&#8230; algo do que levo comentado abondo no blog. Non sei o texto que se presentar\u00e1 a aprobaci\u00f3n. Xa supo\u00f1o que o que presentou a Mesa de asociaci\u00f3ns hai anos non ser\u00e1, pero intr\u00edgame se ser\u00e1 o presentado para a discusi\u00f3n das asociaci\u00f3ns no comezo de 2010, o devolto pola mesa en setembro ou outra [&hellip;]<\/p>\n","protected":false},"author":3,"featured_media":0,"comment_status":"open","ping_status":"closed","sticky":false,"template":"","format":"standard","meta":{"activitypub_content_warning":"","activitypub_content_visibility":"","activitypub_max_image_attachments":3,"activitypub_interaction_policy_quote":"anyone","activitypub_status":"federated","footnotes":""},"categories":[1],"tags":[9],"class_list":["post-8109","post","type-post","status-publish","format-standard","hentry","category-sen-categoria","tag-sociedade"],"_links":{"self":[{"href":"https:\/\/blogs.amarinha.gal\/ribadeando\/wp-json\/wp\/v2\/posts\/8109","targetHints":{"allow":["GET"]}}],"collection":[{"href":"https:\/\/blogs.amarinha.gal\/ribadeando\/wp-json\/wp\/v2\/posts"}],"about":[{"href":"https:\/\/blogs.amarinha.gal\/ribadeando\/wp-json\/wp\/v2\/types\/post"}],"author":[{"embeddable":true,"href":"https:\/\/blogs.amarinha.gal\/ribadeando\/wp-json\/wp\/v2\/users\/3"}],"replies":[{"embeddable":true,"href":"https:\/\/blogs.amarinha.gal\/ribadeando\/wp-json\/wp\/v2\/comments?post=8109"}],"version-history":[{"count":0,"href":"https:\/\/blogs.amarinha.gal\/ribadeando\/wp-json\/wp\/v2\/posts\/8109\/revisions"}],"wp:attachment":[{"href":"https:\/\/blogs.amarinha.gal\/ribadeando\/wp-json\/wp\/v2\/media?parent=8109"}],"wp:term":[{"taxonomy":"category","embeddable":true,"href":"https:\/\/blogs.amarinha.gal\/ribadeando\/wp-json\/wp\/v2\/categories?post=8109"},{"taxonomy":"post_tag","embeddable":true,"href":"https:\/\/blogs.amarinha.gal\/ribadeando\/wp-json\/wp\/v2\/tags?post=8109"}],"curies":[{"name":"wp","href":"https:\/\/api.w.org\/{rel}","templated":true}]}}