{"id":8108,"date":"2011-01-17T07:27:00","date_gmt":"2011-01-17T06:27:00","guid":{"rendered":""},"modified":"2024-11-12T14:50:21","modified_gmt":"2024-11-12T13:50:21","slug":"pleno-hoxe-2","status":"publish","type":"post","link":"https:\/\/blogs.amarinha.gal\/ribadeando\/2011\/01\/17\/pleno-hoxe-2\/","title":{"rendered":"Pleno hoxe?"},"content":{"rendered":"<p>Hoxe parece que hai pleno ordinario. Digo parece porque a) os segundos luns de cada mes impar est\u00e1 establecido que o haxa, pero cando hai festas, ou por outras moitas raz\u00f3ns, retr\u00e1sase unha e ata d\u00faas semananas, e este mes a\u00ednda non houbo pleno. b) chegoume unha pregunta, da que din conta en parte o <a href=\"http:\/\/ribadeando.blogspot.com\/2011\/01\/o-vindeiro-luns-17-vaise-abordar.html\">s\u00e1bado<\/a>, que indicaba que o pleno inclu\u00eda o tratamento da aprobaci\u00f3n primeira do regulamento org\u00e1nico de participaci\u00f3n cidad\u00e1 (que debeu ser tratado en comisi\u00f3n xoves).<\/p>\n<p>Con ambas cousas, pero sen ter visto unha nota de prensa do concello coa orde do d\u00eda, por exemplo, ou unha nova nos xornais dicindo claramento que &#8216;luns hai pleno&#8217;, ou a web do concello cunha noti\u00f1a, &#8230; con ambas cousas entendo que si, que hoxe hai pleno.<\/p>\n<p>Non sei se de novo se alongar\u00e1 ata as tantas de xeito totalmente innecesario, como nos te\u00f1en afeitos, pero vereino: a\u00ednda est\u00e1n sen contestar as <a href=\"http:\/\/o-teson.blogspot.com\/2010\/11\/preguntas-o-pleno-de-20101115.html\">preguntas realizadas a convocatoria ordinaria pasada, en novembro<\/a>. E polo que parece, incumben a d\u00faas asociaci\u00f3ns: O Tes\u00f3n e a AVV de Vilaosende.<\/p>\n<p>Voltando \u00f3 tema da participaci\u00f3n cidad\u00e1: te\u00f1o curiosidade de saber c\u00e1nta xente asistir\u00e1 a un peno onde se vai votar un certo regulamento que atinxe precisamente \u00e1 participaci\u00f3n. &#8216;Un certo&#8217;, porque nin idea de cal vai ser o texto que finalmente se presenta, o que me fai lembrar unha frase con m\u00e1is de douscentos anos de antig\u00fcidade, aquelo de &#8216;todo para o pobo pero sen o pobo&#8217;. Por certo que <a href=\"http:\/\/o-teson.blogspot.com\/2010\/10\/mesa-de-asociacions-e-o-regulamento-de.html\">se lle quixo explicar \u00f3 alcalde<\/a> en primeiro lugar as propostas do regulamento revisado, e <a href=\"http:\/\/o-teson.blogspot.com\/2010\/10\/nota-de-prensa-da-mesa-de-asociacions.html\">non se deron explicado porque non foron convocados os art\u00edfices das mesmas, a pesares da petici\u00f3n feita<\/a>, co que \u00e9 probable que non se inclu\u00edran&#8230; chi lo sa? [\u00e9 dicir, quen sabe?, pero sen co\u00f1ecer nin a lingua na que se expresa a d\u00fabida]<\/p>\n<p>As\u00ed, se \u00e9 a aprobaci\u00f3n, para ser un regulamento de participaci\u00f3n, comeza cunha participaci\u00f3n ben limitada. Se \u00e9 a non aprobaci\u00f3n, simplesmente contin\u00faa coa &#8216;tradici\u00f3n&#8217;.<\/p>\n<p>Por certo, que apoios lograr\u00eda a proposta na comisi\u00f3n?<\/p>\n","protected":false},"excerpt":{"rendered":"<p>Hoxe parece que hai pleno ordinario. Digo parece porque a) os segundos luns de cada mes impar est\u00e1 establecido que o haxa, pero cando hai festas, ou por outras moitas raz\u00f3ns, retr\u00e1sase unha e ata d\u00faas semananas, e este mes a\u00ednda non houbo pleno. b) chegoume unha pregunta, da que din conta en parte o [&hellip;]<\/p>\n","protected":false},"author":3,"featured_media":0,"comment_status":"open","ping_status":"closed","sticky":false,"template":"","format":"standard","meta":{"activitypub_content_warning":"","activitypub_content_visibility":"","activitypub_max_image_attachments":3,"activitypub_interaction_policy_quote":"anyone","activitypub_status":"federated","footnotes":""},"categories":[1],"tags":[78,13],"class_list":["post-8108","post","type-post","status-publish","format-standard","hentry","category-sen-categoria","tag-participacion","tag-politica"],"_links":{"self":[{"href":"https:\/\/blogs.amarinha.gal\/ribadeando\/wp-json\/wp\/v2\/posts\/8108","targetHints":{"allow":["GET"]}}],"collection":[{"href":"https:\/\/blogs.amarinha.gal\/ribadeando\/wp-json\/wp\/v2\/posts"}],"about":[{"href":"https:\/\/blogs.amarinha.gal\/ribadeando\/wp-json\/wp\/v2\/types\/post"}],"author":[{"embeddable":true,"href":"https:\/\/blogs.amarinha.gal\/ribadeando\/wp-json\/wp\/v2\/users\/3"}],"replies":[{"embeddable":true,"href":"https:\/\/blogs.amarinha.gal\/ribadeando\/wp-json\/wp\/v2\/comments?post=8108"}],"version-history":[{"count":0,"href":"https:\/\/blogs.amarinha.gal\/ribadeando\/wp-json\/wp\/v2\/posts\/8108\/revisions"}],"wp:attachment":[{"href":"https:\/\/blogs.amarinha.gal\/ribadeando\/wp-json\/wp\/v2\/media?parent=8108"}],"wp:term":[{"taxonomy":"category","embeddable":true,"href":"https:\/\/blogs.amarinha.gal\/ribadeando\/wp-json\/wp\/v2\/categories?post=8108"},{"taxonomy":"post_tag","embeddable":true,"href":"https:\/\/blogs.amarinha.gal\/ribadeando\/wp-json\/wp\/v2\/tags?post=8108"}],"curies":[{"name":"wp","href":"https:\/\/api.w.org\/{rel}","templated":true}]}}