{"id":8099,"date":"2011-01-25T07:30:00","date_gmt":"2011-01-25T06:30:00","guid":{"rendered":""},"modified":"2024-11-12T14:49:59","modified_gmt":"2024-11-12T13:49:59","slug":"o-que-deberan-sar-rarezas-da-sanidade","status":"publish","type":"post","link":"https:\/\/blogs.amarinha.gal\/ribadeando\/2011\/01\/25\/o-que-deberan-sar-rarezas-da-sanidade\/","title":{"rendered":"O que deberan sar rarezas da sanidade"},"content":{"rendered":"<p>\u00c1 cola ch\u00e9ganlle os movementos m\u00e1is fortes do animal. Os que desenvolven m\u00e1is rapidez, de xeito m\u00e1is imprevisto para quen os sofre. Algo as\u00ed pasa coas instituci\u00f3ns, por exemplo, coa sanidade p\u00fablica. Nos diversos movementos \u00f3s que se est\u00e1 a enfrontar, a sanidade parece m\u00e1is estable nas zonas m\u00e1is centrais e m\u00e1is poboadas e m\u00e1is inestable nas zonas m\u00e1is perif\u00e9ricas. Hai un par de semanas sa\u00eda na prensa unha <a href=\"http:\/\/www.lavozdegalicia.es\/amarina\/2011\/01\/08\/0003_8951803.htm\">carta sobre o parir na estrada<\/a>, algo que tivo certa tradici\u00f3n hai anos e que pode, est\u00e1 para, volver a repetirse. Dende aquela, chegaron \u00f3s xornais varias novas sobre o estado da sanidade en Galicia ou na Mari\u00f1a. Por exemplo, unha titulada &#8216;El hospital rebaja las esperas y atiende antes a m\u00e1s pacientes&#8217; (La Voz de Galicia, 21\/1\/2011, non atopei m\u00e1is versi\u00f3n dixital m\u00e1is que o <a href=\"http:\/\/www.buscavoz.es\/search.php?q=el+hospital+rebaja+las+esperas+y+atiende+antes+a+m%E1s+pacientes#\">resumo<\/a>). Nela danse alg\u00fans datos que fan pensar. Por exemplo: entre finais de setembro e finais de decembro, o tempo de espera en consultas baixou de 106 a 67 d\u00edas. Pode pensarse que \u00e9 cousa da rebaixa do aumento veraniego, debido \u00f3 aumento de usuarios e rebaixa de tempo dos profesionais por vaciaci\u00f3ns, pero iso \u00e9 dif\u00edcil de manteer \u00f3 ver que no ver\u00e1n (finais de xu\u00f1o-finais de setembro) s\u00f3 aumentaron de 94 a 196 d\u00edas. Por suposto, hai m\u00e1is n\u00fameros que se poden sacar a relocer, e tam\u00e9n \u00e9 de congratularse pola diminuci\u00f3n. A cousa \u00e9 que, ent\u00f3n, por que non se fixo diminu\u00edr antes? E a\u00ednda as\u00ed, se para consulta na actualidade a espera \u00e9 superior a dous meses, e chega a tres para operaci\u00f3n, sen contar con que unha operaci\u00f3n o normal \u00e9 que requira varias consultas, iso leva a que se retrase por riba dos 5 meses por termo medio&#8230; \u00c9 dicir, ben pola mellora, pero nada de congratularse polas circunstancias, pois est\u00e1n moi lonxe de ser as adecuadas, a\u00ednda se adentrarnos no por que.<br \/>\nE, un pouqui\u00f1o m\u00e1is al\u00f3, hai cousas que comezan a invadir a sanidade e que non deberan: a\u00ed est\u00e1 a nova de que <a href=\"http:\/\/www.atencionprimaria.org.es\/articulo\/498-hospitales-privatizados-cambian-duenos-sin-mas-control-mercados\">\u00f3 funcionar como unha empresa m\u00e1is, a sanidade deixa de cinguirse \u00f3 servizo para cinguirse \u00f3 beneficio<\/a>. Nada novo, pero algo que na nosa zona sobrep\u00f3nse \u00e1 variaci\u00f3n da estrutura que ti\u00f1a ate fai pouco a sanidade p\u00fablica, do que xa se ten falado no blog.<\/p>\n","protected":false},"excerpt":{"rendered":"<p>\u00c1 cola ch\u00e9ganlle os movementos m\u00e1is fortes do animal. Os que desenvolven m\u00e1is rapidez, de xeito m\u00e1is imprevisto para quen os sofre. Algo as\u00ed pasa coas instituci\u00f3ns, por exemplo, coa sanidade p\u00fablica. Nos diversos movementos \u00f3s que se est\u00e1 a enfrontar, a sanidade parece m\u00e1is estable nas zonas m\u00e1is centrais e m\u00e1is poboadas e m\u00e1is [&hellip;]<\/p>\n","protected":false},"author":3,"featured_media":0,"comment_status":"open","ping_status":"closed","sticky":false,"template":"","format":"standard","meta":{"activitypub_content_warning":"","activitypub_content_visibility":"","activitypub_max_image_attachments":3,"activitypub_interaction_policy_quote":"anyone","activitypub_status":"federate","footnotes":""},"categories":[1],"tags":[9],"class_list":["post-8099","post","type-post","status-publish","format-standard","hentry","category-sen-categoria","tag-sociedade"],"_links":{"self":[{"href":"https:\/\/blogs.amarinha.gal\/ribadeando\/wp-json\/wp\/v2\/posts\/8099","targetHints":{"allow":["GET"]}}],"collection":[{"href":"https:\/\/blogs.amarinha.gal\/ribadeando\/wp-json\/wp\/v2\/posts"}],"about":[{"href":"https:\/\/blogs.amarinha.gal\/ribadeando\/wp-json\/wp\/v2\/types\/post"}],"author":[{"embeddable":true,"href":"https:\/\/blogs.amarinha.gal\/ribadeando\/wp-json\/wp\/v2\/users\/3"}],"replies":[{"embeddable":true,"href":"https:\/\/blogs.amarinha.gal\/ribadeando\/wp-json\/wp\/v2\/comments?post=8099"}],"version-history":[{"count":0,"href":"https:\/\/blogs.amarinha.gal\/ribadeando\/wp-json\/wp\/v2\/posts\/8099\/revisions"}],"wp:attachment":[{"href":"https:\/\/blogs.amarinha.gal\/ribadeando\/wp-json\/wp\/v2\/media?parent=8099"}],"wp:term":[{"taxonomy":"category","embeddable":true,"href":"https:\/\/blogs.amarinha.gal\/ribadeando\/wp-json\/wp\/v2\/categories?post=8099"},{"taxonomy":"post_tag","embeddable":true,"href":"https:\/\/blogs.amarinha.gal\/ribadeando\/wp-json\/wp\/v2\/tags?post=8099"}],"curies":[{"name":"wp","href":"https:\/\/api.w.org\/{rel}","templated":true}]}}