{"id":8096,"date":"2011-01-28T07:22:00","date_gmt":"2011-01-28T06:22:00","guid":{"rendered":""},"modified":"2024-11-12T14:49:54","modified_gmt":"2024-11-12T13:49:54","slug":"de-obras-en-ribadeo","status":"publish","type":"post","link":"https:\/\/blogs.amarinha.gal\/ribadeando\/2011\/01\/28\/de-obras-en-ribadeo\/","title":{"rendered":"De obras en Ribadeo"},"content":{"rendered":"<p><a onblur=\"try {parent.deselectBloggerImageGracefully();} catch(e) {}\" href=\"https:\/\/blogger.googleusercontent.com\/img\/b\/R29vZ2xl\/AVvXsEjhFGzNk3YaesTWEzQjozvIjqc4BPnOAJWbcomscNajzdL4uDxEQLexhiS2U65t9yZvt6ugo1zDO-f2k1Mih8W40OpjF-2yX0bmfWXELA6KKJuKT5zYKG6kgb0XybzYmF1qG6XK5Q\/s2048\/rotonda+1.jpg\"><img decoding=\"async\" src=\"https:\/\/blogger.googleusercontent.com\/img\/b\/R29vZ2xl\/AVvXsEjhFGzNk3YaesTWEzQjozvIjqc4BPnOAJWbcomscNajzdL4uDxEQLexhiS2U65t9yZvt6ugo1zDO-f2k1Mih8W40OpjF-2yX0bmfWXELA6KKJuKT5zYKG6kgb0XybzYmF1qG6XK5Q\/s2048\/rotonda+1.jpg\" alt=\"\" \/><\/a><br \/>\n<a onblur=\"try {parent.deselectBloggerImageGracefully();} catch(e) {}\" href=\"https:\/\/blogger.googleusercontent.com\/img\/b\/R29vZ2xl\/AVvXsEh-DcpRwpNmR6632hXPtgcHmRZPQU03aq-uplzIKTasyrpumn5x_V5P2620OciVGCDKlaUkh8dwi5KZW10SDJW5hF6evDXcTCB-Zch7jTB2eX4mTZAxnsgcfBYh6e8anPPsM1KEJQ\/s2048\/rotonda+2.jpg\"><img decoding=\"async\" src=\"https:\/\/blogger.googleusercontent.com\/img\/b\/R29vZ2xl\/AVvXsEh-DcpRwpNmR6632hXPtgcHmRZPQU03aq-uplzIKTasyrpumn5x_V5P2620OciVGCDKlaUkh8dwi5KZW10SDJW5hF6evDXcTCB-Zch7jTB2eX4mTZAxnsgcfBYh6e8anPPsM1KEJQ\/s2048\/rotonda+2.jpg\" alt=\"\" \/><\/a>Hai veces que nos atopamos cunha obra feita e case non nos decatamos de \u00f3nde saiu. Nestes momentos, en ribadeo hai varias obras que ocntribuir\u00e1n a variar a paisaxe urbana, para ben ou para mal. deixo aqu\u00ed dous pares de fotos, correspondentes a d\u00faas obras, unha a piques de comezar e outra \u00e1 que a\u00ednda lle falta pero xa se lle vai vendo o xeito.<br \/>\n<a onblur=\"try {parent.deselectBloggerImageGracefully();} catch(e) {}\" href=\"https:\/\/blogger.googleusercontent.com\/img\/b\/R29vZ2xl\/AVvXsEjhSexXDu8vWpQRTSl3fITFARjXK2tjFDBZ_xoDMzmOGEk2avDZLoqTlPcU7JZh6yIVaPllafJwNhvtWVXIb9FWYnt9cj8cYH-tC_ecFrpgy6HSzqF25_fbJE3aUyAD41k1f_qlpQ\/s2048\/IES+2.jpg\"><img decoding=\"async\" src=\"https:\/\/blogger.googleusercontent.com\/img\/b\/R29vZ2xl\/AVvXsEjhSexXDu8vWpQRTSl3fITFARjXK2tjFDBZ_xoDMzmOGEk2avDZLoqTlPcU7JZh6yIVaPllafJwNhvtWVXIb9FWYnt9cj8cYH-tC_ecFrpgy6HSzqF25_fbJE3aUyAD41k1f_qlpQ\/s2048\/IES+2.jpg\" alt=\"\" \/><\/a><br \/>\nA primeiras, corresponden \u00e1 rotonda do xard\u00edn, que vai introducir un cambio na fisonom\u00eda da entrada en Ribadeo. As li\u00f1as xa est\u00e1n pintadas no chan (na foto primeira non se aprecian moi ben, na segunda est\u00e1 clara unha das raquetas de entrada) e est\u00e1 delimitado por onde &#8216;hai que cortar&#8217; na parte de herba. Parece que, desgraciadamente, non lle vai toca \u00e1 presunta fonte que se instalou como referente do &#8216;parque de indianos&#8217;.<br \/>\n<a onblur=\"try {parent.deselectBloggerImageGracefully();} catch(e) {}\" href=\"https:\/\/blogger.googleusercontent.com\/img\/b\/R29vZ2xl\/AVvXsEhB7zC9x-WqUozfysuq8dmolOvXzIuZKf-2cIfTOdcq20nK0rWFndAkrf_coVI4JuKzOdVDmD3ZKV8Lytpbz-Q0H2jaqyr7wgXxZRrQmE5_rMRx7A-zYhjhRJnqB-eYDtqKy3lIyg\/s2048\/IES+1.jpg\"><img decoding=\"async\" src=\"https:\/\/blogger.googleusercontent.com\/img\/b\/R29vZ2xl\/AVvXsEhB7zC9x-WqUozfysuq8dmolOvXzIuZKf-2cIfTOdcq20nK0rWFndAkrf_coVI4JuKzOdVDmD3ZKV8Lytpbz-Q0H2jaqyr7wgXxZRrQmE5_rMRx7A-zYhjhRJnqB-eYDtqKy3lIyg\/s2048\/IES+1.jpg\" alt=\"\" \/><\/a><br \/>\nEn canto \u00e1s outras d\u00faas fotos, corresponden \u00e1s obras que se est\u00e1n a realizar nos terreos do IES Dionisio Gamallo para abranguer as instalaci\u00f3ns do futuro IES de Ribadeo, \u00f3 xuntarse o Gamallo e o Porta da Auga. O edificio vai avanzando con abonda rapidez, o que non quita que se monte o tempo no comezo do pr\u00f3ximo curso antes de que este\u00f1a acondicionado (o previsto era que estivera rematado para o comezo deste curso)<br \/>\nUnha ligaz\u00f3n: a <a href=\"http:\/\/centros.edu.xunta.es\/iesgamallofierros\/galeria\/thumbnails.php?album=86\">galer\u00eda de imaxes do IES Gamallo Fierros<\/a>.<\/p>\n","protected":false},"excerpt":{"rendered":"<p>Hai veces que nos atopamos cunha obra feita e case non nos decatamos de \u00f3nde saiu. Nestes momentos, en ribadeo hai varias obras que ocntribuir\u00e1n a variar a paisaxe urbana, para ben ou para mal. deixo aqu\u00ed dous pares de fotos, correspondentes a d\u00faas obras, unha a piques de comezar e outra \u00e1 que a\u00ednda [&hellip;]<\/p>\n","protected":false},"author":3,"featured_media":0,"comment_status":"open","ping_status":"closed","sticky":false,"template":"","format":"standard","meta":{"activitypub_content_warning":"","activitypub_content_visibility":"","activitypub_max_image_attachments":3,"activitypub_interaction_policy_quote":"anyone","activitypub_status":"federate","footnotes":""},"categories":[1],"tags":[65],"class_list":["post-8096","post","type-post","status-publish","format-standard","hentry","category-sen-categoria","tag-arquitectura"],"_links":{"self":[{"href":"https:\/\/blogs.amarinha.gal\/ribadeando\/wp-json\/wp\/v2\/posts\/8096","targetHints":{"allow":["GET"]}}],"collection":[{"href":"https:\/\/blogs.amarinha.gal\/ribadeando\/wp-json\/wp\/v2\/posts"}],"about":[{"href":"https:\/\/blogs.amarinha.gal\/ribadeando\/wp-json\/wp\/v2\/types\/post"}],"author":[{"embeddable":true,"href":"https:\/\/blogs.amarinha.gal\/ribadeando\/wp-json\/wp\/v2\/users\/3"}],"replies":[{"embeddable":true,"href":"https:\/\/blogs.amarinha.gal\/ribadeando\/wp-json\/wp\/v2\/comments?post=8096"}],"version-history":[{"count":0,"href":"https:\/\/blogs.amarinha.gal\/ribadeando\/wp-json\/wp\/v2\/posts\/8096\/revisions"}],"wp:attachment":[{"href":"https:\/\/blogs.amarinha.gal\/ribadeando\/wp-json\/wp\/v2\/media?parent=8096"}],"wp:term":[{"taxonomy":"category","embeddable":true,"href":"https:\/\/blogs.amarinha.gal\/ribadeando\/wp-json\/wp\/v2\/categories?post=8096"},{"taxonomy":"post_tag","embeddable":true,"href":"https:\/\/blogs.amarinha.gal\/ribadeando\/wp-json\/wp\/v2\/tags?post=8096"}],"curies":[{"name":"wp","href":"https:\/\/api.w.org\/{rel}","templated":true}]}}