{"id":8086,"date":"2011-02-08T08:38:00","date_gmt":"2011-02-08T07:38:00","guid":{"rendered":""},"modified":"2024-11-12T14:49:37","modified_gmt":"2024-11-12T13:49:37","slug":"en-cambios","status":"publish","type":"post","link":"https:\/\/blogs.amarinha.gal\/ribadeando\/2011\/02\/08\/en-cambios\/","title":{"rendered":"En cambios"},"content":{"rendered":"<p>Segundo parece, a Torre dos Moreno est\u00e1 a comezos de grandes cambios, coa venda dunha parte significativa en poder dos descendentes dos irm\u00e1ns Moreno a unha empresa. O blog, tam\u00e9n est\u00e1 en cambios por unha tempada&#8230;<\/p>\n","protected":false},"excerpt":{"rendered":"<p>Segundo parece, a Torre dos Moreno est\u00e1 a comezos de grandes cambios, coa venda dunha parte significativa en poder dos descendentes dos irm\u00e1ns Moreno a unha empresa. O blog, tam\u00e9n est\u00e1 en cambios por unha tempada&#8230;<\/p>\n","protected":false},"author":3,"featured_media":0,"comment_status":"open","ping_status":"closed","sticky":false,"template":"","format":"standard","meta":{"activitypub_content_warning":"","activitypub_content_visibility":"","activitypub_max_image_attachments":3,"activitypub_interaction_policy_quote":"anyone","activitypub_status":"federated","footnotes":""},"categories":[1],"tags":[65],"class_list":["post-8086","post","type-post","status-publish","format-standard","hentry","category-sen-categoria","tag-arquitectura"],"_links":{"self":[{"href":"https:\/\/blogs.amarinha.gal\/ribadeando\/wp-json\/wp\/v2\/posts\/8086","targetHints":{"allow":["GET"]}}],"collection":[{"href":"https:\/\/blogs.amarinha.gal\/ribadeando\/wp-json\/wp\/v2\/posts"}],"about":[{"href":"https:\/\/blogs.amarinha.gal\/ribadeando\/wp-json\/wp\/v2\/types\/post"}],"author":[{"embeddable":true,"href":"https:\/\/blogs.amarinha.gal\/ribadeando\/wp-json\/wp\/v2\/users\/3"}],"replies":[{"embeddable":true,"href":"https:\/\/blogs.amarinha.gal\/ribadeando\/wp-json\/wp\/v2\/comments?post=8086"}],"version-history":[{"count":0,"href":"https:\/\/blogs.amarinha.gal\/ribadeando\/wp-json\/wp\/v2\/posts\/8086\/revisions"}],"wp:attachment":[{"href":"https:\/\/blogs.amarinha.gal\/ribadeando\/wp-json\/wp\/v2\/media?parent=8086"}],"wp:term":[{"taxonomy":"category","embeddable":true,"href":"https:\/\/blogs.amarinha.gal\/ribadeando\/wp-json\/wp\/v2\/categories?post=8086"},{"taxonomy":"post_tag","embeddable":true,"href":"https:\/\/blogs.amarinha.gal\/ribadeando\/wp-json\/wp\/v2\/tags?post=8086"}],"curies":[{"name":"wp","href":"https:\/\/api.w.org\/{rel}","templated":true}]}}