{"id":8084,"date":"2011-02-10T07:37:00","date_gmt":"2011-02-10T06:37:00","guid":{"rendered":""},"modified":"2024-11-12T14:49:34","modified_gmt":"2024-11-12T13:49:34","slug":"cambio-de-tactica-parece-que-mellora-en","status":"publish","type":"post","link":"https:\/\/blogs.amarinha.gal\/ribadeando\/2011\/02\/10\/cambio-de-tactica-parece-que-mellora-en\/","title":{"rendered":"Cambio de t\u00e1ctica? Parece que mellora en calquera caso."},"content":{"rendered":"<p>Roubos diversos fixeron que, tras unha xuntanza de urxencia da Xunta de Seguridade hai xa alg\u00fan tempo, aparecera pola zona un helic\u00f3ptero da Guardia Civil cunha potente luz que, o primeiro d\u00eda de actuaci\u00f3n, estivo usando ata ben tarde. Dende aquela, ten recorrido o ceo ribadense de xeito que o pode ter ben co\u00f1ecido, e deu lugar a comentarios diversos, moitos deles interpretables como &#8216;matar moscas a ca\u00f1onazos&#8217; ou &#8216;gato con guantes (caros) non caza ratos&#8217;, xunto con outros que lamentaban a falta dunha acci\u00f3n m\u00e1is directa ou sinxelamente asignaban o uso dun aparello tal a persecuci\u00f3ns policiais peliculeras. Hoxe aparece na prensa a existencia dunha <a href=\"http:\/\/www.lavozdegalicia.es\/amarina\/2011\/02\/10\/0003_201102X10C1993.htm\">patrulla de cinco axentes de paisano<\/a>, que cos p\u00e9s no chan, \u00e9 de esperar te\u00f1a un rendemento mellor que o helic\u00f3ptero, ou \u00f3 menos que o complemente dun xeito decisivo.<br \/>\nEn canto \u00f3s ladr\u00f3ns, comentouse no seu momento que poderian ser unha banda de extranxeiros, rumanos, que actuar\u00eda tendo a base noutro lugar. Cando se collan, que \u00e9 de supo\u00f1er que chegar\u00e1, saberase m\u00e1is do tema.<br \/>\nMentras, parece que a ola de roubos atenuou algo, e que, a pesares deles, a zona non sobrepasa grandemente a media do pa\u00eds. A\u00ednda que si o fai en relaci\u00f3n \u00e1 media que se vi\u00f1a tendo na zona, polo que respecta a roubos abondo m\u00e1is tranquila que outros lugares. Claro que a xente perxudicada ter\u00e1 unha visi\u00f3n m\u00e1is negativa.<br \/>\nEn canto a psicolox\u00eda da xente, de n\u00f3s, en relaci\u00f3n \u00e1 &#8216;ola de roubos&#8217;, tam\u00e9n poder\u00edan sacarse consecuencias. Ti, que opinas?<\/p>\n","protected":false},"excerpt":{"rendered":"<p>Roubos diversos fixeron que, tras unha xuntanza de urxencia da Xunta de Seguridade hai xa alg\u00fan tempo, aparecera pola zona un helic\u00f3ptero da Guardia Civil cunha potente luz que, o primeiro d\u00eda de actuaci\u00f3n, estivo usando ata ben tarde. Dende aquela, ten recorrido o ceo ribadense de xeito que o pode ter ben co\u00f1ecido, e [&hellip;]<\/p>\n","protected":false},"author":3,"featured_media":0,"comment_status":"open","ping_status":"closed","sticky":false,"template":"","format":"standard","meta":{"activitypub_content_warning":"","activitypub_content_visibility":"","activitypub_max_image_attachments":3,"activitypub_interaction_policy_quote":"anyone","activitypub_status":"federated","footnotes":""},"categories":[1],"tags":[9],"class_list":["post-8084","post","type-post","status-publish","format-standard","hentry","category-sen-categoria","tag-sociedade"],"_links":{"self":[{"href":"https:\/\/blogs.amarinha.gal\/ribadeando\/wp-json\/wp\/v2\/posts\/8084","targetHints":{"allow":["GET"]}}],"collection":[{"href":"https:\/\/blogs.amarinha.gal\/ribadeando\/wp-json\/wp\/v2\/posts"}],"about":[{"href":"https:\/\/blogs.amarinha.gal\/ribadeando\/wp-json\/wp\/v2\/types\/post"}],"author":[{"embeddable":true,"href":"https:\/\/blogs.amarinha.gal\/ribadeando\/wp-json\/wp\/v2\/users\/3"}],"replies":[{"embeddable":true,"href":"https:\/\/blogs.amarinha.gal\/ribadeando\/wp-json\/wp\/v2\/comments?post=8084"}],"version-history":[{"count":0,"href":"https:\/\/blogs.amarinha.gal\/ribadeando\/wp-json\/wp\/v2\/posts\/8084\/revisions"}],"wp:attachment":[{"href":"https:\/\/blogs.amarinha.gal\/ribadeando\/wp-json\/wp\/v2\/media?parent=8084"}],"wp:term":[{"taxonomy":"category","embeddable":true,"href":"https:\/\/blogs.amarinha.gal\/ribadeando\/wp-json\/wp\/v2\/categories?post=8084"},{"taxonomy":"post_tag","embeddable":true,"href":"https:\/\/blogs.amarinha.gal\/ribadeando\/wp-json\/wp\/v2\/tags?post=8084"}],"curies":[{"name":"wp","href":"https:\/\/api.w.org\/{rel}","templated":true}]}}