{"id":8083,"date":"2011-02-10T20:47:00","date_gmt":"2011-02-10T19:47:00","guid":{"rendered":""},"modified":"2024-11-12T14:49:33","modified_gmt":"2024-11-12T13:49:33","slug":"visto-no-bop","status":"publish","type":"post","link":"https:\/\/blogs.amarinha.gal\/ribadeando\/2011\/02\/10\/visto-no-bop\/","title":{"rendered":"Visto no BOP"},"content":{"rendered":"<p>Despois do <a href=\"http:\/\/ribadeando.blogspot.com\/2011\/01\/20110117-o-pleno-do-buen-rollito.html\">\u00faltimo pleno<\/a>, quedeime a esperar o comezo da tempada de alegaci\u00f3ns do regulamento de participaci\u00f3n cidad\u00e1. Nada saiu ata hoxe do tema &#8230; nos medios locais. Si que saiu, xa o d\u00eda <a href=\"http:\/\/www.deputacionlugo.org\/portal_localweb_ag\/RecursosWeb\/DOCUMENTOS\/1\/0_4446_1.pdf#PAGE=24\">1 de febreiro, no BOP de Lugo, p.24, a nota correspondente<\/a>:<br \/>\n&#8220;Anuncio<br \/>\nEn cumprimento do disposto no artigo 49 da Lei 7\/1985 de 2 de abril, modificada pola Lei 11\/1999, faise p\u00fablico que o Concello Pleno en sesi\u00f3n celebrada o 17 de xaneiro de 2011 prestou aprobaci\u00f3n inicial ao Regulamento de R\u00e9xime Org\u00e1nico de Participaci\u00f3n Cidada do Concello de Ribadeo.<br \/>\nDe conformidade co indicado sometese a informaci\u00f3n p\u00fablica durante o prazo de trinta d\u00edas h\u00e1biles contados dende o seguinte ao da publicaci\u00f3n deste anuncio no B.O.P. de Lugo. Durante dito per\u00edodo as persoas interesadas poder\u00e1n examinalo nas Oficinas da Secretar\u00eda Municipal e presentar, no seu caso, as reclamaci\u00f3ns ou alegaci\u00f3ns que estimen oportunas. De non se presentar reclamaci\u00f3ns ou alegaci\u00f3ns ao mesmo entenderanse autom\u00e1ticamente aprobado de xeito definitivo.<br \/>\nRibadeo, 19 de xaneiro de 2011.- O ALCALDE, FERNANDO SU\u00c1REZ BARCIA<br \/>\nO SECRETARIO XERAL, MANUEL J. DIAZ S\u00c1NCHEZ.&#8221;<br \/>\nD\u00e1se a circunstancias que na mesma p\u00e1xina, anteriores e seguintes, hai outras cousas relacionadas co mesmo pleno (polo que \u00e9 bo tomar <a href=\"http:\/\/www.deputacionlugo.org\/portal_localweb_ag\/p_20_contenedor1.jsp?seccion=s_fdoc_BOP.jsp&amp;contenido=15155&amp;tipo=5&amp;nivel=1400&amp;layout=p_20_contenedor1.jsp&amp;language=gl\">nota do bolet\u00edn<\/a>):<br \/>\n   * EXP. PUBL. APROB. DEF. MODIF. ORD. DE AXUDA NO FOGAR (PAG. 23, R. 0333)<br \/>\n   * APROB. INICIAL REGUL. PARTICIPACI\u00d3N CIDAD\u00c1 (PAG. 24, R. 0334)<br \/>\n   * APROB. INICIAL PROX. EDUC. E REG. DE R. INTERNO PARA E. M. DE M\u00daSICA E DANZA (PAG. 24, R. 0335)<br \/>\n   * EXP. P\u00daBLICA EXP. DESAFECTACI\u00d3N PARCELA (PAG. 24, R. 0336)<br \/>\n   * EXP. P\u00daBLICA C.URBAN\u00cdSTICO CON EMPR. CONIPROMA \u2026 (PAG. 25, R. 0337)<br \/>\n   * EXP. P\u00daBLICA CONV. URBAN. CON  CONIPROMA E PROM. JULIO Y ANSELMO (PAG. 25, R. 0338)<br \/>\nVoltando \u00f3 tema, resulta que se ve o aviso de que est\u00e1 xa en periodo de alegaci\u00f3ns, pero &#8230; polo momento hai que ir \u00f3 concello velo. Resulta que a \u00fanica cousa que se lle aceptou \u00e1 <a href=\"http:\/\/publicadoenribadeo.wikispaces.com\/Proposta+de+regulamento+org%C3%A1nico+de+participaci%C3%B3n+cidad%C3%A1\">proposta da Mesa de asociaci\u00f3ns<\/a> foi precisamente relativa \u00f3 anuncio na web&#8230; e no pleno quedou a desastrosa redacci\u00f3n (falando en termos de escritura, non xa de gusto social ou pol\u00edtico) anterior, desformatada e \u00e1 que, no mesmo pleno, \u00e9 dicir, despois de pasar por comisi\u00f3n, a\u00ednda se lle axustou que hab\u00eda que cambiar un &#8216;Santiago&#8217; por un &#8216;Ribadeo&#8217;.<br \/>\nRespecto das moitas moidificaci\u00f3ns que coido que o texto inicialmente aprobado debera ter, esperarei \u00e1s alegaci\u00f3ns de O Tes\u00f3n para facer un comentario sobre o tema.<\/p>\n","protected":false},"excerpt":{"rendered":"<p>Despois do \u00faltimo pleno, quedeime a esperar o comezo da tempada de alegaci\u00f3ns do regulamento de participaci\u00f3n cidad\u00e1. Nada saiu ata hoxe do tema &#8230; nos medios locais. Si que saiu, xa o d\u00eda 1 de febreiro, no BOP de Lugo, p.24, a nota correspondente: &#8220;Anuncio En cumprimento do disposto no artigo 49 da Lei [&hellip;]<\/p>\n","protected":false},"author":3,"featured_media":0,"comment_status":"open","ping_status":"closed","sticky":false,"template":"","format":"standard","meta":{"activitypub_content_warning":"","activitypub_content_visibility":"","activitypub_max_image_attachments":3,"activitypub_interaction_policy_quote":"anyone","activitypub_status":"federated","footnotes":""},"categories":[1],"tags":[74,13,9],"class_list":["post-8083","post","type-post","status-publish","format-standard","hentry","category-sen-categoria","tag-o-teson","tag-politica","tag-sociedade"],"_links":{"self":[{"href":"https:\/\/blogs.amarinha.gal\/ribadeando\/wp-json\/wp\/v2\/posts\/8083","targetHints":{"allow":["GET"]}}],"collection":[{"href":"https:\/\/blogs.amarinha.gal\/ribadeando\/wp-json\/wp\/v2\/posts"}],"about":[{"href":"https:\/\/blogs.amarinha.gal\/ribadeando\/wp-json\/wp\/v2\/types\/post"}],"author":[{"embeddable":true,"href":"https:\/\/blogs.amarinha.gal\/ribadeando\/wp-json\/wp\/v2\/users\/3"}],"replies":[{"embeddable":true,"href":"https:\/\/blogs.amarinha.gal\/ribadeando\/wp-json\/wp\/v2\/comments?post=8083"}],"version-history":[{"count":0,"href":"https:\/\/blogs.amarinha.gal\/ribadeando\/wp-json\/wp\/v2\/posts\/8083\/revisions"}],"wp:attachment":[{"href":"https:\/\/blogs.amarinha.gal\/ribadeando\/wp-json\/wp\/v2\/media?parent=8083"}],"wp:term":[{"taxonomy":"category","embeddable":true,"href":"https:\/\/blogs.amarinha.gal\/ribadeando\/wp-json\/wp\/v2\/categories?post=8083"},{"taxonomy":"post_tag","embeddable":true,"href":"https:\/\/blogs.amarinha.gal\/ribadeando\/wp-json\/wp\/v2\/tags?post=8083"}],"curies":[{"name":"wp","href":"https:\/\/api.w.org\/{rel}","templated":true}]}}