{"id":8070,"date":"2011-02-23T07:27:00","date_gmt":"2011-02-23T06:27:00","guid":{"rendered":""},"modified":"2024-11-12T14:49:05","modified_gmt":"2024-11-12T13:49:05","slug":"subindo-e-baixando","status":"publish","type":"post","link":"https:\/\/blogs.amarinha.gal\/ribadeando\/2011\/02\/23\/subindo-e-baixando\/","title":{"rendered":"Subindo e baixando"},"content":{"rendered":"<p>Hai alg\u00fan tempo pux\u00e9ronse &#8216;pasos elevados&#8217; no paseo Castelao, na beirar\u00eda. Naquel tempo, a\u00ednda conceb\u00eda os &#8216;pasos elevados&#8217; como pontes sobre a r\u00faa ou estrada para facilitar o paso dos pe\u00f3ns sen dificultar a circulaci\u00f3n rodada. Dende aquela, en Ribadeo e outros lugares, houbo que &#8216;cambiar o chip&#8217;; os pasos elevados son agora sin\u00f3nimo de elevaci\u00f3ns da estrada uns cantos cent\u00edmetros a modo de cintur\u00f3ns sucesivos, para evitar a velocidade excesiva dos coches.<br \/>\nOnte <a href=\"http:\/\/www.ribadeo.org\/actualidade\/nova.php?id=687&amp;lg=gal\">fixeron varios m\u00e1is en Ribadeo<\/a>, no tramo Avda. de Asturias \/ Avda. de Galicia, que acompa\u00f1an \u00f3 xa feito no Parador e \u00e1s obras da traves\u00eda que incl\u00fae a rotonda do xard\u00edn.<br \/>\nCando se fixeron os primeiros en Ribadeo quedou claro que era para evitar as carreiras que daquela se estaban a celebrar \u00e1 beira da r\u00eda. E tam\u00e9n quedou claro que non cumpr\u00edan a regulamentaci\u00f3n . Posteriormente aumentouse outro paso, sen suprimir ning\u00fan dos anteriores, \u00e1 sa\u00edda do mamotreto do ascensor \u00e1 atalaia, quedando a unha distancia m\u00ednima dun anterior. Sen medir, a ollo, dir\u00eda que os rec\u00e9n feitos te\u00f1en algo m\u00e1is de adaptaci\u00f3n \u00e1 normativa, sen chegar a acatala: costa de inclinaci\u00f3n excesiva ou, se se quere, curta de m\u00e1is.<br \/>\nPero a cousa coido que non est\u00e1 na adaptaci\u00f3n estricta \u00e1 normativa, sen\u00f3n en que os pasos elevados son unha medida que para evitar o mal dalgu\u00e9n perxudica a todo o tr\u00e1fico rodado.<br \/>\nP\u00f3\u00f1ense pasos elevados, pero a posibilidade de carril bici parece adiada, a pesares de ser unha reforma como a actual o momento id\u00f3neo, e ser un factor m\u00e1is educativo, disuasorio do uso e maluso dos veh\u00edculos a motor.<br \/>\nO certo \u00e9 que a proliferaci\u00f3n de pasos elevados por todos os rinc\u00f3ns representa un deses misterios achacables, coido, m\u00e1is \u00e1 imitaci\u00f3n que \u00e1 reflexi\u00f3n. En canto \u00f3 xeito de construcci\u00f3n, \u00e1 non adaptaci\u00f3n \u00e1 normativa, iso \u00e9 menos comprensible.<\/p>\n","protected":false},"excerpt":{"rendered":"<p>Hai alg\u00fan tempo pux\u00e9ronse &#8216;pasos elevados&#8217; no paseo Castelao, na beirar\u00eda. Naquel tempo, a\u00ednda conceb\u00eda os &#8216;pasos elevados&#8217; como pontes sobre a r\u00faa ou estrada para facilitar o paso dos pe\u00f3ns sen dificultar a circulaci\u00f3n rodada. Dende aquela, en Ribadeo e outros lugares, houbo que &#8216;cambiar o chip&#8217;; os pasos elevados son agora sin\u00f3nimo de [&hellip;]<\/p>\n","protected":false},"author":3,"featured_media":0,"comment_status":"open","ping_status":"closed","sticky":false,"template":"","format":"standard","meta":{"activitypub_content_warning":"","activitypub_content_visibility":"","activitypub_max_image_attachments":3,"activitypub_interaction_policy_quote":"anyone","activitypub_status":"federated","footnotes":""},"categories":[1],"tags":[9],"class_list":["post-8070","post","type-post","status-publish","format-standard","hentry","category-sen-categoria","tag-sociedade"],"_links":{"self":[{"href":"https:\/\/blogs.amarinha.gal\/ribadeando\/wp-json\/wp\/v2\/posts\/8070","targetHints":{"allow":["GET"]}}],"collection":[{"href":"https:\/\/blogs.amarinha.gal\/ribadeando\/wp-json\/wp\/v2\/posts"}],"about":[{"href":"https:\/\/blogs.amarinha.gal\/ribadeando\/wp-json\/wp\/v2\/types\/post"}],"author":[{"embeddable":true,"href":"https:\/\/blogs.amarinha.gal\/ribadeando\/wp-json\/wp\/v2\/users\/3"}],"replies":[{"embeddable":true,"href":"https:\/\/blogs.amarinha.gal\/ribadeando\/wp-json\/wp\/v2\/comments?post=8070"}],"version-history":[{"count":0,"href":"https:\/\/blogs.amarinha.gal\/ribadeando\/wp-json\/wp\/v2\/posts\/8070\/revisions"}],"wp:attachment":[{"href":"https:\/\/blogs.amarinha.gal\/ribadeando\/wp-json\/wp\/v2\/media?parent=8070"}],"wp:term":[{"taxonomy":"category","embeddable":true,"href":"https:\/\/blogs.amarinha.gal\/ribadeando\/wp-json\/wp\/v2\/categories?post=8070"},{"taxonomy":"post_tag","embeddable":true,"href":"https:\/\/blogs.amarinha.gal\/ribadeando\/wp-json\/wp\/v2\/tags?post=8070"}],"curies":[{"name":"wp","href":"https:\/\/api.w.org\/{rel}","templated":true}]}}