{"id":8067,"date":"2011-02-24T20:14:00","date_gmt":"2011-02-24T19:14:00","guid":{"rendered":""},"modified":"2024-11-12T14:49:01","modified_gmt":"2024-11-12T13:49:01","slug":"preparando-unha-residencia-de-ancians","status":"publish","type":"post","link":"https:\/\/blogs.amarinha.gal\/ribadeando\/2011\/02\/24\/preparando-unha-residencia-de-ancians\/","title":{"rendered":"Preparando unha residencia de anci\u00e1ns"},"content":{"rendered":"<p>Preparando a primeira xuntanza  da <a href=\"http:\/\/o-teson.blogspot.com\/2011\/02\/nota-de-prensa-sobre-plataforma-pro.html\">comisi\u00f3n en pro da residencia de maiores<\/a>, at\u00f3pome cos \u00fatimos datos do ine (<a href=\"http:\/\/www.ine.es\/\">http:\/\/www.ine.es<\/a>), e sen contar os 1 100 ribadenses residentes no extranxeiro, fabrico unha t\u00e1boa e unha gr\u00e1fica, que po\u00f1o a continuaci\u00f3n&#8230;<br \/>\n<a onblur=\"try {parent.deselectBloggerImageGracefully();} catch(e) {}\" href=\"https:\/\/blogger.googleusercontent.com\/img\/b\/R29vZ2xl\/AVvXsEgeHnWFrtDMbPDBVRhfCCMhSnI4h9uf9L7KzljptVKFK-Di3jcBtzN6WL9NYw-vAlsB6ML3-wFjHTSWv8Dct4wtV3z2rhyphenhyphenoKZjusVZFzLqW2BTGdBMfAQ798gK7KntiDXAHDU-Khg\/s2048\/pir%25C3%25A1mide+poboacional.png\"><img decoding=\"async\" src=\"https:\/\/blogger.googleusercontent.com\/img\/b\/R29vZ2xl\/AVvXsEgeHnWFrtDMbPDBVRhfCCMhSnI4h9uf9L7KzljptVKFK-Di3jcBtzN6WL9NYw-vAlsB6ML3-wFjHTSWv8Dct4wtV3z2rhyphenhyphenoKZjusVZFzLqW2BTGdBMfAQ798gK7KntiDXAHDU-Khg\/s2048\/pir%25C3%25A1mide+poboacional.png\" alt=\"\" \/><\/a><br \/>\nA t\u00e1boa correspondente:<br \/>\nAmbos sexos Var\u00f3ns Mulleres<br \/>\nTotal&#8230;    9,988&#8230;4,752&#8230;5,236<br \/>\n0-4&#8230;&#8230;        422&#8230;222&#8230;200<br \/>\n5-9&#8230;&#8230;        394&#8230;196&#8230;198<br \/>\n10-14&#8230;.        347&#8230;174&#8230;173<br \/>\n15-19&#8230;.        343&#8230;168&#8230;175<br \/>\n20-24&#8230;.        446&#8230;242&#8230;204<br \/>\n25-29&#8230;.        640&#8230;311&#8230;329<br \/>\n30-34&#8230;.        786&#8230;384&#8230;402<br \/>\n35-39&#8230;.        816&#8230;406&#8230;410<br \/>\n40-44&#8230;.        761&#8230;371&#8230;390<br \/>\n45-49&#8230;.        775&#8230;394&#8230;381<br \/>\n50-54&#8230;.        718&#8230;370&#8230;348<br \/>\n55-59&#8230;.        588&#8230;288&#8230;300<br \/>\n60-64&#8230;.        552&#8230;273&#8230;279<br \/>\n65-69&#8230;.        549&#8230;232&#8230;317<br \/>\n70-74&#8230;.        496&#8230;209&#8230;287<br \/>\n75-79&#8230;.  540&#8230;224&#8230;316<br \/>\n80-84&#8230; 432&#8230;171&#8230;261<br \/>\n85 e +&#8230; 383&#8230;117&#8230;266<br \/>\nNa gr\u00e1fica xa se observa que non \u00e9 unha pir\u00e1mide, t\u00edpica dunha poboaci\u00f3n nova, sen\u00f3n engrosada na zona media de idade, e con m\u00e1is vellos que xente nova, o que explica a cifra de 8219 electores de cara \u00e1s pr\u00f3ximas elecci\u00f3ns, moi avultada en relaci\u00f3n \u00f3 total. Entre as persoas maiores, destaca a lonxevidade feminina, que se anota diferencias cuantitativas importantes a partires dos datos de 65-70 anos, mentras que en idades anteriores a cousa est\u00e1 m\u00e1is ou menos equilibrada. Voltando \u00f3 tema da residencia, atop\u00e1monos con que no \u00faltimo censo, con datos que corresponden a finais do ano pasado, hai 815 persoas con 80 ou m\u00e1is anos, correspondendo \u00f3 8,2% da poboaci\u00f3n, que ser\u00edan grosso modo os e as candidatas \u00e1 residencia. Pero, a\u00ednda supo\u00f1endo a desaparici\u00f3n total dese colectivo en 10 anos, o grupo de idade seguinte correspondente a un intervalo de dez anos (que polo tanto, ter\u00e1n m\u00e1is de 80 no 2021), est\u00e1 formado por 1036 persoas, o 10,4% do censo actual e unha cantidade que representa un aumento do 27% sobre os &#8217;80 e +&#8217; actuais. De igual xeito, correndo outros 10 anos m\u00e1is, atop\u00e1monos cun colectivo de 1101 persoas, un 35%  m\u00e1is que na actualidade.<br \/>\nNa realidade, Ribadeo necesita non unha, sen\u00f3n varias residencias&#8230; pero  vaiamos paso a paso: primeiro, unha.<br \/>\nUn artigo sobre o tema: <a href=\"http:\/\/cargadoiro.blogcindario.com\/2011\/02\/00338-stop-al-destierro-de-nuestros-ancianos.html\">Stop al destierro de nuestros ancianos<\/a>.<\/p>\n","protected":false},"excerpt":{"rendered":"<p>Preparando a primeira xuntanza da comisi\u00f3n en pro da residencia de maiores, at\u00f3pome cos \u00fatimos datos do ine (http:\/\/www.ine.es), e sen contar os 1 100 ribadenses residentes no extranxeiro, fabrico unha t\u00e1boa e unha gr\u00e1fica, que po\u00f1o a continuaci\u00f3n&#8230; A t\u00e1boa correspondente: Ambos sexos Var\u00f3ns Mulleres Total&#8230; 9,988&#8230;4,752&#8230;5,236 0-4&#8230;&#8230; 422&#8230;222&#8230;200 5-9&#8230;&#8230; 394&#8230;196&#8230;198 10-14&#8230;. 347&#8230;174&#8230;173 15-19&#8230;. [&hellip;]<\/p>\n","protected":false},"author":3,"featured_media":0,"comment_status":"open","ping_status":"closed","sticky":false,"template":"","format":"standard","meta":{"activitypub_content_warning":"","activitypub_content_visibility":"","activitypub_max_image_attachments":3,"activitypub_interaction_policy_quote":"anyone","activitypub_status":"federated","footnotes":""},"categories":[1],"tags":[9],"class_list":["post-8067","post","type-post","status-publish","format-standard","hentry","category-sen-categoria","tag-sociedade"],"_links":{"self":[{"href":"https:\/\/blogs.amarinha.gal\/ribadeando\/wp-json\/wp\/v2\/posts\/8067","targetHints":{"allow":["GET"]}}],"collection":[{"href":"https:\/\/blogs.amarinha.gal\/ribadeando\/wp-json\/wp\/v2\/posts"}],"about":[{"href":"https:\/\/blogs.amarinha.gal\/ribadeando\/wp-json\/wp\/v2\/types\/post"}],"author":[{"embeddable":true,"href":"https:\/\/blogs.amarinha.gal\/ribadeando\/wp-json\/wp\/v2\/users\/3"}],"replies":[{"embeddable":true,"href":"https:\/\/blogs.amarinha.gal\/ribadeando\/wp-json\/wp\/v2\/comments?post=8067"}],"version-history":[{"count":0,"href":"https:\/\/blogs.amarinha.gal\/ribadeando\/wp-json\/wp\/v2\/posts\/8067\/revisions"}],"wp:attachment":[{"href":"https:\/\/blogs.amarinha.gal\/ribadeando\/wp-json\/wp\/v2\/media?parent=8067"}],"wp:term":[{"taxonomy":"category","embeddable":true,"href":"https:\/\/blogs.amarinha.gal\/ribadeando\/wp-json\/wp\/v2\/categories?post=8067"},{"taxonomy":"post_tag","embeddable":true,"href":"https:\/\/blogs.amarinha.gal\/ribadeando\/wp-json\/wp\/v2\/tags?post=8067"}],"curies":[{"name":"wp","href":"https:\/\/api.w.org\/{rel}","templated":true}]}}