{"id":8062,"date":"2011-03-02T07:37:00","date_gmt":"2011-03-02T06:37:00","guid":{"rendered":""},"modified":"2024-11-12T14:48:54","modified_gmt":"2024-11-12T13:48:54","slug":"o-cobre-esta-caro","status":"publish","type":"post","link":"https:\/\/blogs.amarinha.gal\/ribadeando\/2011\/03\/02\/o-cobre-esta-caro\/","title":{"rendered":"O cobre est\u00e1 caro"},"content":{"rendered":"<p><a onblur=\"try {parent.deselectBloggerImageGracefully();} catch(e) {}\" href=\"https:\/\/blogger.googleusercontent.com\/img\/b\/R29vZ2xl\/AVvXsEgXN_Zw3rm6w68WeyhKaenrCqogvqtmjdiUz5n-s1hOGOQPuNPIZ_ZHWFFK3i0SxCrPxYuHHPkML2aBFP6W0xOHxYnHfotIcnrUzcv6kg_5TntmS2Z2gg33SEUFyc20AnuJ_H2Z2Q\/s2048\/precio+do+cobre.jpg\"><img decoding=\"async\" src=\"https:\/\/blogger.googleusercontent.com\/img\/b\/R29vZ2xl\/AVvXsEgXN_Zw3rm6w68WeyhKaenrCqogvqtmjdiUz5n-s1hOGOQPuNPIZ_ZHWFFK3i0SxCrPxYuHHPkML2aBFP6W0xOHxYnHfotIcnrUzcv6kg_5TntmS2Z2gg33SEUFyc20AnuJ_H2Z2Q\/s2048\/precio+do+cobre.jpg\" alt=\"\" \/><\/a><br \/>\n&#8216;<a href=\"http:\/\/www.ribadeo.org\/actualidade\/nova.php?id=692&amp;lg=gal\">Intento de roubo<\/a>&#8216;. As\u00ed titulaba o concello a nota de prensa que deu sobre a tentativa de mangar a conducci\u00f3n el\u00e9ctrica que ilumina o paseo cara \u00f3 faro.<br \/>\nO cobre \u00e9 un dos metais m\u00e1is usados do mundo, da construcci\u00f3n \u00e1 fabricaci\u00f3n de mquinaria, electricidade, fabricaci\u00f3n de moedas, etc. \u00e9 doado procurar na rede o prezo do metal e facer unha gr\u00e1fica. A que po\u00f1o \u00e1 beira foi realizada as\u00ed, a partires dos datos dunha web (sobre o prezo de &#8216;futuros&#8217; subministros), e s\u00f3 dende hai ano e medio. \u00c9 dicir, en plena crise mundial. E as previsi\u00f3ns da maior\u00eda dos mantedores de opini\u00f3n (xente que debera saber algo do tema) \u00e9 que seguir\u00e1 a subir a curto e medio prazo. Na gr\u00e1fica vese claro: o prezo segue a subir, de xeito que agora anda entre 4 e 5 \u20ac o kg. Resultado: os ladr\u00f3ns te\u00f1en m\u00e1is alicerces.<br \/>\nAta aqu\u00ed, unha explicaci\u00f3nsobre o cobre. A explicaci\u00f3n sobre a tentativa de roubo neste caso particular \u00e9 m\u00e1is dif\u00edcil. Na prensa hai tempo que saen roubos de rollos de cobre, ou mesmo de cobre instalado en tendidos a\u00e9reos ou \u00f3 menos, sobre terra, que parece moito m\u00e1is doado de manexar. Neste caso, est\u00e1 metido por dentro de obra, os cables conectados \u00e1s l\u00e1mpadas, hai que abrir as arquetas, \u00e9 unha zona relativamente transitada durante o d\u00eda, co que o tempo de actuaci\u00f3n queda reduciro \u00e1 noite, est\u00e1 pr\u00f3xima a un pobo, &#8230; parece como se os ladr\u00f3ns pensaran que aqu\u00ed \u00e9 doado roubar. Despois da vaga de roubos en casas, que non deu lugar a detenci\u00f3ns pero que parece que parou, hoxe sae nos xornais o intento de roubo de coches na piscina&#8230; debemos alarmarnos? Despois de ver como se usan as alarmas &#8216;protectivas&#8217;, coido que debemos esperar para decretar unha alarma. Pero iso non quita que non se po\u00f1an medidas para que as cousas funcionen.<br \/>\nComplemento:<br \/>\nFixen algunha averiguaci\u00f3n de c\u00e1nto poder\u00edan sacar uns ladr\u00f3ns do tema. Coas l\u00f3xicas imprecisi\u00f3ns que comezan por non saber canto mide en total a li\u00f1a (que tomo por 1 km), ser\u00edan uns 250-300 kg de cobre, unha vez pelado, o que dar\u00eda arredor duns 1 500 \u20ac.<\/p>\n","protected":false},"excerpt":{"rendered":"<p>&#8216;Intento de roubo&#8216;. As\u00ed titulaba o concello a nota de prensa que deu sobre a tentativa de mangar a conducci\u00f3n el\u00e9ctrica que ilumina o paseo cara \u00f3 faro. O cobre \u00e9 un dos metais m\u00e1is usados do mundo, da construcci\u00f3n \u00e1 fabricaci\u00f3n de mquinaria, electricidade, fabricaci\u00f3n de moedas, etc. \u00e9 doado procurar na rede o [&hellip;]<\/p>\n","protected":false},"author":3,"featured_media":0,"comment_status":"open","ping_status":"closed","sticky":false,"template":"","format":"standard","meta":{"activitypub_content_warning":"","activitypub_content_visibility":"","activitypub_max_image_attachments":3,"activitypub_interaction_policy_quote":"anyone","activitypub_status":"federated","footnotes":""},"categories":[1],"tags":[9],"class_list":["post-8062","post","type-post","status-publish","format-standard","hentry","category-sen-categoria","tag-sociedade"],"_links":{"self":[{"href":"https:\/\/blogs.amarinha.gal\/ribadeando\/wp-json\/wp\/v2\/posts\/8062","targetHints":{"allow":["GET"]}}],"collection":[{"href":"https:\/\/blogs.amarinha.gal\/ribadeando\/wp-json\/wp\/v2\/posts"}],"about":[{"href":"https:\/\/blogs.amarinha.gal\/ribadeando\/wp-json\/wp\/v2\/types\/post"}],"author":[{"embeddable":true,"href":"https:\/\/blogs.amarinha.gal\/ribadeando\/wp-json\/wp\/v2\/users\/3"}],"replies":[{"embeddable":true,"href":"https:\/\/blogs.amarinha.gal\/ribadeando\/wp-json\/wp\/v2\/comments?post=8062"}],"version-history":[{"count":0,"href":"https:\/\/blogs.amarinha.gal\/ribadeando\/wp-json\/wp\/v2\/posts\/8062\/revisions"}],"wp:attachment":[{"href":"https:\/\/blogs.amarinha.gal\/ribadeando\/wp-json\/wp\/v2\/media?parent=8062"}],"wp:term":[{"taxonomy":"category","embeddable":true,"href":"https:\/\/blogs.amarinha.gal\/ribadeando\/wp-json\/wp\/v2\/categories?post=8062"},{"taxonomy":"post_tag","embeddable":true,"href":"https:\/\/blogs.amarinha.gal\/ribadeando\/wp-json\/wp\/v2\/tags?post=8062"}],"curies":[{"name":"wp","href":"https:\/\/api.w.org\/{rel}","templated":true}]}}